{"id":158296,"date":"2026-04-20T15:49:10","date_gmt":"2026-04-20T15:49:10","guid":{"rendered":"https:\/\/www.europesays.com\/ee\/158296\/"},"modified":"2026-04-20T15:49:10","modified_gmt":"2026-04-20T15:49:10","slug":"lahkheli-komisjonis-irja-lutsar-tousis-pusti-ja-lahkus-kuna-teda-ei-valitud-esmalt-eelnou-ettekandjaks-2","status":"publish","type":"post","link":"https:\/\/www.europesays.com\/ee\/158296\/","title":{"rendered":"Lahkheli komisjonis. Irja Lutsar t\u00f5usis p\u00fcsti ja lahkus, kuna teda ei valitud esmalt eeln\u00f5u ettekandjaks"},"content":{"rendered":"<p><img decoding=\"async\" src=\"https:\/\/www.europesays.com\/ee\/wp-content\/uploads\/2026\/04\/1776700150_425_b45b788c-1db9-4c44-80a9-976286131f6b.jpg\" loading=\"lazy\" alt=\"Eeln\u00f5u ettekandja kohale pretendeerisid nii Irja Lutsar kui Mihkel Lees.\"\/><\/p>\n<p>Eeln\u00f5u ettekandja kohale pretendeerisid nii Irja Lutsar kui Mihkel Lees.<\/p>\n<p>FOTO: Erki P\u00e4rnakuArgo Ingver| Delfi Meedia, \u00d5htuleht<\/p>\n<p>Riigikogu sotsiaalkomisjon arutas t\u00e4na nakkushaiguste ennetamise ja t\u00f5rje seaduse muutmise eeln\u00f5u, ent Reformierakonna liikme <a rel=\"noopener nofollow\" target=\"_blank\" href=\"https:\/\/www.delfi.ee\/teema\/67540726\/mihkel-lees\" tag-id=\"67540726\">Mihkel Leesi<\/a> ja <a rel=\"noopener nofollow\" target=\"_blank\" href=\"https:\/\/www.delfi.ee\/teema\/81976119\/eesti-200\" tag-id=\"81976119\">Eesti 200<\/a> liikme <a rel=\"noopener nofollow\" target=\"_blank\" href=\"https:\/\/www.delfi.ee\/teema\/70521011\/irja-lutsar\" tag-id=\"70521011\">Irja Lutsari<\/a> vahel puhkes konflikt, kuna m\u00f5lemad soovisid eeln\u00f5u ette kanda.<\/p>\n","protected":false},"excerpt":{"rendered":"Eeln\u00f5u ettekandja kohale pretendeerisid nii Irja Lutsar kui Mihkel Lees. FOTO: Erki P\u00e4rnakuArgo Ingver| Delfi Meedia, \u00d5htuleht Riigikogu&hellip;\n","protected":false},"author":2,"featured_media":158230,"comment_status":"","ping_status":"","sticky":false,"template":"","format":"standard","meta":{"footnotes":"","_share_on_mastodon":"0"},"categories":[5],"tags":[26,27,37,33,651,35,34,36,31,32,21,8675,30700,28,29,12524,19,25,643,23,24,22,20,30],"class_list":["post-158296","post","type-post","status-publish","format-standard","has-post-thumbnail","category-uldised-uudised","tag-breaking-news","tag-breakingnews","tag-ee","tag-eesti","tag-eesti-200","tag-eesti-keel","tag-estonia","tag-estonian","tag-featured-news","tag-featurednews","tag-headlines","tag-irja-lutsar","tag-jaanus-karilaid","tag-latest-news","tag-latestnews","tag-mihkel-lees","tag-news","tag-populaarseimad-lood","tag-reformierakond","tag-top-stories","tag-topstories","tag-uldised-uudised","tag-uudised","tag-viimased-uudised"],"share_on_mastodon":{"url":"https:\/\/pubeurope.com\/@ee\/116437828625129589","error":""},"_links":{"self":[{"href":"https:\/\/www.europesays.com\/ee\/wp-json\/wp\/v2\/posts\/158296","targetHints":{"allow":["GET"]}}],"collection":[{"href":"https:\/\/www.europesays.com\/ee\/wp-json\/wp\/v2\/posts"}],"about":[{"href":"https:\/\/www.europesays.com\/ee\/wp-json\/wp\/v2\/types\/post"}],"author":[{"embeddable":true,"href":"https:\/\/www.europesays.com\/ee\/wp-json\/wp\/v2\/users\/2"}],"replies":[{"embeddable":true,"href":"https:\/\/www.europesays.com\/ee\/wp-json\/wp\/v2\/comments?post=158296"}],"version-history":[{"count":0,"href":"https:\/\/www.europesays.com\/ee\/wp-json\/wp\/v2\/posts\/158296\/revisions"}],"wp:featuredmedia":[{"embeddable":true,"href":"https:\/\/www.europesays.com\/ee\/wp-json\/wp\/v2\/media\/158230"}],"wp:attachment":[{"href":"https:\/\/www.europesays.com\/ee\/wp-json\/wp\/v2\/media?parent=158296"}],"wp:term":[{"taxonomy":"category","embeddable":true,"href":"https:\/\/www.europesays.com\/ee\/wp-json\/wp\/v2\/categories?post=158296"},{"taxonomy":"post_tag","embeddable":true,"href":"https:\/\/www.europesays.com\/ee\/wp-json\/wp\/v2\/tags?post=158296"}],"curies":[{"name":"wp","href":"https:\/\/api.w.org\/{rel}","templated":true}]}}