{"id":158350,"date":"2026-04-20T16:53:11","date_gmt":"2026-04-20T16:53:11","guid":{"rendered":"https:\/\/www.europesays.com\/ee\/158350\/"},"modified":"2026-04-20T16:53:11","modified_gmt":"2026-04-20T16:53:11","slug":"soomes-poordeid-harjutanud-piloodid-kujutasid-oma-marsruudiga-meeste-suguelundeid","status":"publish","type":"post","link":"https:\/\/www.europesays.com\/ee\/158350\/","title":{"rendered":"Soomes p\u00f6\u00f6rdeid harjutanud piloodid kujutasid oma marsruudiga meeste suguelundeid"},"content":{"rendered":"<p>Soome \u00f5huv\u00e4gi kinnitas <a rel=\"noopener follow nofollow\" target=\"_blank\" href=\"https:\/\/www.iltalehti.fi\/kotimaa\/a\/a862e83e-555f-41f2-8383-b9af83fc9fac?gsid=8696443e-65f3-4e4c-94c7-ee7ff4770869\" data-rel-date-range=\"[]\">Iltalehtile<\/a>, et lennukite kabiinis viibisid lennureservohvitseride kursuse \u00f5pilased ehk ajateenijad. \u201eSee kahetsusv\u00e4\u00e4rne juhtum j\u00f5udis \u00f5huv\u00e4e t\u00e4helepanu alla esmasp\u00e4eval. Oleme algatanud uurimise ning asjaosalistele on sanktsioonid juba m\u00e4\u00e4ratud,\u201c seisis \u00f5huv\u00e4e saadetud e-kirjas.<\/p>\n<p>Intsident leidis aset esmasp\u00e4eva hommikul, kui Tikkakoski lennuv\u00e4ljalt t\u00f5usis \u00f5hku \u00f5huv\u00e4e akadeemia treeninglend, mis oli osa igap\u00e4evasest v\u00e4lja\u00f5ppest. <\/p>\n<p>Treeningmissiooni k\u00e4igus hajusid lennukid \u00fcle Kesk-Soome laiali, misj\u00e4rel ilmusidki veebilehele k\u00f5neainet pakkunud joonised.<\/p>\n<p>Kuigi algselt hoidus \u00f5huv\u00e4gi \u00fcksikasjadest, vastati hiljem t\u00e4psustavatele k\u00fcsimustele. P\u00e4ringule, kas lennumustrid olid osa treeningust, vastas \u00f5huv\u00e4gi diplomaatiliselt: \u201etegemist oli treeninglendudega, kus harjutati p\u00f6\u00f6ranguid. Lennutrajektoorid moodustavad mustreid kas tahtlikult v\u00f5i juhuslikult.\u201c<\/p>\n<p>Samas kinnitati, et piloodid p\u00fcsisid neile m\u00e4\u00e4ratud treeningalas ning kellelegi ohuks ei olnud. <\/p>\n<p>Sellest hoolimata v\u00f5tab kaitsev\u00e4gi vahejuhtumit t\u00f5siselt. Toimunut on uuritud ning instruktoritega vestlused l\u00e4bi viidud.<\/p>\n<p>\u201e<a rel=\"noopener nofollow\" target=\"_blank\" href=\"https:\/\/www.delfi.ee\/teema\/32843545\/ohuvagi\" tag-id=\"32843545\">\u00d5huv\u00e4gi<\/a> n\u00f5uab s\u00f5duritelt heade kommete ja k\u00e4itumisreeglite j\u00e4rgimist. Kui neid rikutakse, rakendatakse asjakohaseid meetmeid,\u201c m\u00e4rkis \u00f5huv\u00e4gi kommentaariks m\u00e4\u00e4ratud karistuste kohta.<\/p>\n<p>Kuidas see lugu Sind end tundma pani? Saada <a href=\"https:\/\/www.delfi.ee\/artikkel\/120569918\/soomes-poordeid-harjutanud-piloodid-kujutasid-oma-marsruudiga-meeste-suguelundeid\/kommentaarid\" class=\"article-body-bottom__comment article-body-bottom__comment--write button button--primary button--size-auto\" rel=\"nofollow noopener\" target=\"_blank\"> Kommenteeri <\/a><a href=\"https:\/\/www.delfi.ee\/artikkel\/120569918\/soomes-poordeid-harjutanud-piloodid-kujutasid-oma-marsruudiga-meeste-suguelundeid\/kommentaarid\" class=\"article-body-bottom__comment article-body-bottom__comment--read button button--size-auto\" rel=\"nofollow noopener\" target=\"_blank\"> Loe kommentaare (20)<\/a><\/p>\n","protected":false},"excerpt":{"rendered":"Soome \u00f5huv\u00e4gi kinnitas Iltalehtile, et lennukite kabiinis viibisid lennureservohvitseride kursuse \u00f5pilased ehk ajateenijad. \u201eSee kahetsusv\u00e4\u00e4rne juhtum j\u00f5udis \u00f5huv\u00e4e&hellip;\n","protected":false},"author":2,"featured_media":158351,"comment_status":"","ping_status":"","sticky":false,"template":"","format":"standard","meta":{"footnotes":"","_share_on_mastodon":"0"},"categories":[80],"tags":[26,27,37,33,35,34,36,31,32,21,17650,28,29,95,19,9877,25,23,24,22,20,30,92,93,94],"class_list":["post-158350","post","type-post","status-publish","format-standard","has-post-thumbnail","category-maailm","tag-breaking-news","tag-breakingnews","tag-ee","tag-eesti","tag-eesti-keel","tag-estonia","tag-estonian","tag-featured-news","tag-featurednews","tag-headlines","tag-kesk-soome","tag-latest-news","tag-latestnews","tag-maailm","tag-news","tag-ohuvagi","tag-populaarseimad-lood","tag-top-stories","tag-topstories","tag-uldised-uudised","tag-uudised","tag-viimased-uudised","tag-world","tag-world-news","tag-worldnews"],"share_on_mastodon":{"url":"https:\/\/pubeurope.com\/@ee\/116438080306826742","error":""},"_links":{"self":[{"href":"https:\/\/www.europesays.com\/ee\/wp-json\/wp\/v2\/posts\/158350","targetHints":{"allow":["GET"]}}],"collection":[{"href":"https:\/\/www.europesays.com\/ee\/wp-json\/wp\/v2\/posts"}],"about":[{"href":"https:\/\/www.europesays.com\/ee\/wp-json\/wp\/v2\/types\/post"}],"author":[{"embeddable":true,"href":"https:\/\/www.europesays.com\/ee\/wp-json\/wp\/v2\/users\/2"}],"replies":[{"embeddable":true,"href":"https:\/\/www.europesays.com\/ee\/wp-json\/wp\/v2\/comments?post=158350"}],"version-history":[{"count":0,"href":"https:\/\/www.europesays.com\/ee\/wp-json\/wp\/v2\/posts\/158350\/revisions"}],"wp:featuredmedia":[{"embeddable":true,"href":"https:\/\/www.europesays.com\/ee\/wp-json\/wp\/v2\/media\/158351"}],"wp:attachment":[{"href":"https:\/\/www.europesays.com\/ee\/wp-json\/wp\/v2\/media?parent=158350"}],"wp:term":[{"taxonomy":"category","embeddable":true,"href":"https:\/\/www.europesays.com\/ee\/wp-json\/wp\/v2\/categories?post=158350"},{"taxonomy":"post_tag","embeddable":true,"href":"https:\/\/www.europesays.com\/ee\/wp-json\/wp\/v2\/tags?post=158350"}],"curies":[{"name":"wp","href":"https:\/\/api.w.org\/{rel}","templated":true}]}}