{"id":158426,"date":"2026-04-20T18:34:09","date_gmt":"2026-04-20T18:34:09","guid":{"rendered":"https:\/\/www.europesays.com\/ee\/158426\/"},"modified":"2026-04-20T18:34:09","modified_gmt":"2026-04-20T18:34:09","slug":"eesti-linnades-ja-valdades-tostetakse-uha-enam-sunnitoetusi-eesti","status":"publish","type":"post","link":"https:\/\/www.europesays.com\/ee\/158426\/","title":{"rendered":"Eesti linnades ja valdades t\u00f5stetakse \u00fcha enam s\u00fcnnitoetusi | Eesti"},"content":{"rendered":"<p>Eesti valdades ja linnades on lahti l\u00e4inud s\u00fcnnitoetuste ralli. Selleks. et julgustada noori peresid just enda omavalitsusse elu s\u00e4ttima ja seal ka pere looma, on mitmed omavalitsused \u00fcle Eesti t\u00f5stnud s\u00fcnnitoetuse 1000 euro peale. See sunnib ka teisi omavalitsusi oma toetuseid \u00fcle vaatama. <\/p>\n<p>\u00dcle Eesti on s\u00fcnnitoetuste osas lahti l\u00e4inud v\u00f5idujooks, kus \u00fched rajavad teed ja teised &#8211; selleks, et mitte kaotada elanikke &#8211; s\u00f6rgivad j\u00e4rel. N\u00e4iteks hakkab alates 1. maist V\u00f5ru vallas kehtima senise 400 euro asemel 1000 euro suurune s\u00fcnnitoetus suuresti just sellep\u00e4rast, et V\u00f5ru linnas oli toetuse m\u00e4\u00e4ra juba t\u00f5stetud.<\/p>\n<p>&#8220;Kuna V\u00f5ru vald on r\u00f5ngasvald \u00fcmber V\u00f5ru linna, siis peaksid toetused olema ka sarnased. Me p\u00fc\u00fcame seda rada ajada, et meie noored pered ei koliks V\u00f5ru linna,&#8221; lausus V\u00f5ru vallavanem Raul Tohv.<\/p>\n<p>P\u00f5lva vallas t\u00f5steti samuti s\u00fcnnitoetused selle aasta algul 1000 euroni, samas kui Kanepi vallas on see olnud juba mitu aastat sellisel tasemel.<\/p>\n<p>&#8220;Peredel on t\u00e4nastes olukordades v\u00e4ga keeruline. Kui l\u00e4hed toidupoodi ja vaatad, mis hinnad on, siis see on selline omavalitsuse armas \u017eest, et me v\u00e4\u00e4rtustame, et P\u00f5lva valda s\u00fcnnib lapsi. Meil on hea meel, et 2026. aastal on juba 21 last s\u00fcndinud,&#8221; s\u00f5nas P\u00f5lva vallavanem Maris Neeno.<\/p>\n<p>Eesti suurimat s\u00fcnnitoetust, 1500 eurot, makstakse aga alates aprilli algusest P\u00e4rnumaal Tori vallas. Nagu teistestki omavalitsustest \u00f6eldakse, \u00fctleb ka Tori vallavanem, et s\u00fcnnitoetuste t\u00f5stmise taga on laiem mure aina langeva s\u00fcndimuse p\u00e4rast.<\/p>\n<p>&#8220;Tegelikult s\u00fcndimus on kiires langustrendis ja see m\u00f5jutab tegelikult k\u00f5iki omavalitsusi ja see m\u00f5jutab kooliv\u00f5rku pikas vaates. Koolid on kindlasti \u00fcks oluline asi, mis hoiab elu maal,&#8221; \u00fctles Tori vallavanem Lauri Luur.<\/p>\n<p>Selleks aga, et v\u00e4ltida s\u00fcnnitoetuse turismi, maksavad enamus omavalitsusi toetuse v\u00e4lja mitmes osas.<\/p>\n<p>&#8220;Eks see p\u00f5hjus on eelk\u00f5ige seotud sellega, et me oleme P\u00e4rnu linna k\u00fclje all ja sellist nii-\u00f6elda toetuste ja soodustuste turismi on veidi n\u00e4ha. Meie huvi on ikkagi inimesed tuua siis p\u00e4riselt Tori valda ja et nad j\u00e4\u00e4ksid siia siis elama,&#8221; lausus Luur.<\/p>\n<p>V\u00f5ru vallas elav Kristiina tervitab s\u00fcnnitoetuse t\u00f5usu ja eriti seet\u00f5ttu, et pere loodab saada ka teise lapse.<\/p>\n<p>&#8220;See on k\u00fcll hea, mis vald tegi. Tahaks k\u00fcll \u00fchte last veel juurde, aga praegu sellele ei m\u00f5tle. Tuleb siis, kui tuleb,&#8221; s\u00f5nas noor ema Kristiina Kallas, lisades, et omavalitsuste s\u00fcnnitoetus on oluline, kuna osad emad t\u00f6\u00f6l ei k\u00e4i.<\/p>\n","protected":false},"excerpt":{"rendered":"Eesti valdades ja linnades on lahti l\u00e4inud s\u00fcnnitoetuste ralli. Selleks. et julgustada noori peresid just enda omavalitsusse elu&hellip;\n","protected":false},"author":2,"featured_media":158427,"comment_status":"","ping_status":"","sticky":false,"template":"","format":"standard","meta":{"footnotes":"","_share_on_mastodon":"0"},"categories":[12],"tags":[26,27,37,33,35,34,36,31,32,21,74546,28,29,29491,59242,19,2681,25,74547,25441,23,24,22,20,30],"class_list":["post-158426","post","type-post","status-publish","format-standard","has-post-thumbnail","category-eesti","tag-breaking-news","tag-breakingnews","tag-ee","tag-eesti","tag-eesti-keel","tag-estonia","tag-estonian","tag-featured-news","tag-featurednews","tag-headlines","tag-kristiina-kallas","tag-latest-news","tag-latestnews","tag-lauri-luur","tag-maris-neeno","tag-news","tag-omavalitsused","tag-populaarseimad-lood","tag-raul-tohv","tag-sunnitoetus","tag-top-stories","tag-topstories","tag-uldised-uudised","tag-uudised","tag-viimased-uudised"],"share_on_mastodon":{"url":"https:\/\/pubeurope.com\/@ee\/116438477387491834","error":""},"_links":{"self":[{"href":"https:\/\/www.europesays.com\/ee\/wp-json\/wp\/v2\/posts\/158426","targetHints":{"allow":["GET"]}}],"collection":[{"href":"https:\/\/www.europesays.com\/ee\/wp-json\/wp\/v2\/posts"}],"about":[{"href":"https:\/\/www.europesays.com\/ee\/wp-json\/wp\/v2\/types\/post"}],"author":[{"embeddable":true,"href":"https:\/\/www.europesays.com\/ee\/wp-json\/wp\/v2\/users\/2"}],"replies":[{"embeddable":true,"href":"https:\/\/www.europesays.com\/ee\/wp-json\/wp\/v2\/comments?post=158426"}],"version-history":[{"count":0,"href":"https:\/\/www.europesays.com\/ee\/wp-json\/wp\/v2\/posts\/158426\/revisions"}],"wp:featuredmedia":[{"embeddable":true,"href":"https:\/\/www.europesays.com\/ee\/wp-json\/wp\/v2\/media\/158427"}],"wp:attachment":[{"href":"https:\/\/www.europesays.com\/ee\/wp-json\/wp\/v2\/media?parent=158426"}],"wp:term":[{"taxonomy":"category","embeddable":true,"href":"https:\/\/www.europesays.com\/ee\/wp-json\/wp\/v2\/categories?post=158426"},{"taxonomy":"post_tag","embeddable":true,"href":"https:\/\/www.europesays.com\/ee\/wp-json\/wp\/v2\/tags?post=158426"}],"curies":[{"name":"wp","href":"https:\/\/api.w.org\/{rel}","templated":true}]}}