{"id":158453,"date":"2026-04-20T19:07:07","date_gmt":"2026-04-20T19:07:07","guid":{"rendered":"https:\/\/www.europesays.com\/ee\/158453\/"},"modified":"2026-04-20T19:07:07","modified_gmt":"2026-04-20T19:07:07","slug":"pevkur-usa-pani-meie-moonatarned-pausile-vahemalt-iraani-konflikti-lopuni-eesti","status":"publish","type":"post","link":"https:\/\/www.europesays.com\/ee\/158453\/","title":{"rendered":"Pevkur: USA pani meie moonatarned pausile v\u00e4hemalt Iraani konflikti l\u00f5puni | Eesti"},"content":{"rendered":"<p>Pidasite telefonik\u00f5ne USA s\u00f5jaministriga Pete Hegsethiga, kes teatas, et moonatarned Eestile j\u00e4\u00e4vad pausile.<\/p>\n<p>Teadmine, et USA on pannud k\u00f5ikide v\u00e4ljasaadetavate moonade kogused pausile, oli juba meil olemas. Pigem oli meil k\u00fcsimus ja arutelu Pete Hegsethiga selle \u00fcle, et millised v\u00f5iksid olla tulevikuperspektiivid moonatarnete taastamiseks, ja kui need tarned peaksid v\u00e4ga pikaks ajaks seisma j\u00e4\u00e4ma, et siis millised v\u00f5iksid olla alternatiivsed v\u00f5imalused kaitsev\u00f5ime t\u00f5stmiseks Ameerika \u00dchendriikide toodanguga.<\/p>\n<p>Millise moona tarned pausile j\u00e4\u00e4vad?<\/p>\n<p>Meid puudutav osa on peamiselt seotud HIMARS-i moonaga ja Javelinidega. Aga tankit\u00f5rje moonaga v\u00e4ga probleeme pole, meil tankit\u00f5rje moona on piisavates kogustes. HIMARS-i puhul pigem s\u00f5ltub sellest, kui pikaks tarned pausile j\u00e4\u00e4vad. Sellest s\u00f5ltub ka see, millised saavad olema meie edasised otsused.<\/p>\n<p>Kui palju moona pausile j\u00e4\u00e4b?<\/p>\n<p>Neid numbreid me teadup\u00e4rast ei ole kunagi avaldanud, kui palju t\u00e4pselt \u00fchel v\u00f5i teisel aastal meile moona tuleb. Me oleme r\u00e4\u00e4kinud \u00fcldnumbritest. Eks nende tarnete puhul ikkagi ulatus (v\u00e4\u00e4rtus) k\u00fcmnetesse miljonitesse (eurodesse). Eks me teeme jooksvalt otsuseid. Esialgne teadmine on see, et see on pausil, kuniks Iraanis s\u00f5da kestab. Aga kui peaks j\u00e4\u00e4ma veel pikemaks, siis me kindlasti peame vaatama oma otsused \u00fcmber. Aga praegune teadmine on see, et kui Iraanis konflikt l\u00e4bi saab, siis peaksid taastuma ka moonatarned.<\/p>\n<p>Millal see moon oleks pidanud Eestisse kohale j\u00f5udma?<\/p>\n<p>Sellel moonal on erinevad tarnegraafikud \u2013 sellel aastal, j\u00e4rgmisel aastal. Meil on pikad lepingud ja nende pikkade lepingute j\u00e4rgi need moonatarned ka aset leiavad. Iga moona puhul on erinev tarneaeg.<\/p>\n<p>V\u00e4\u00e4rtuse m\u00f5ttes, ma saan aru, et me r\u00e4\u00e4gime k\u00fcmnetest miljonitest eurodest, mitte sadadest?<\/p>\n<p>Palju detailsemaks ei tahaks (minna). Jah, sadadesse miljonitesse see ei ulatu sellel aastal, selle aasta summad olid k\u00fcmnetes miljonites.<\/p>\n<p>Kuidas see Eesti julgeolekut m\u00f5jutab, et moonatarned n\u00fc\u00fcd pausile j\u00e4\u00e4vad?<\/p>\n<p>Otseselt hetkel v\u00e4ga ei m\u00f5juta, meil on alternatiivid olemas ja meil on ka liitlaste kokkulepped olemas. Aga nagu ma \u00fctlesin, kui need tarned peaksid pikemaajaliselt j\u00e4\u00e4ma pausile, et siis meil kindlasti tekib vajadust ka oma otsused \u00fcmber vaadata.<\/p>\n<p>Mis me n\u00fc\u00fcd teeme, kui USA on moonatarned pausile pannud, mis see plaan edasi on?<\/p>\n<p>Nagu ma \u00fctlesin, eks esimene k\u00fcsimus on selles, kaua Iraani konflikt kestab. Kui Iraani konflikt saab varem l\u00e4bi \u2013 ja kindlasti ei ole Ameerika \u00dchendriikide huvides see, et see konflikt v\u00e4ga pikalt kestab \u2013, siis v\u00e4ga suuri lisategevusi ei ole vaja. Kui see konflikt j\u00e4\u00e4b venima, siis me juba praegu tegelikult vaatame ka maailmas ringi ja tegeleme v\u00f5imalike alternatiividega. Arutasime ka t\u00e4na erinevaid alternatiivseid v\u00f5imalusi kaitsev\u00f5ime t\u00f5stmiseks, mis puudutab USA varustust. Need otsused teeme siis, kui on enam-v\u00e4hem pilt selge, mis Iraani konfliktiga saab.<\/p>\n<p>Kui palju selle moona tarnimine Eestisse v\u00f5ib viibida \u2013 kas me r\u00e4\u00e4gime n\u00e4dalatest v\u00f5i kuudest v\u00f5i isegi rohkem?<\/p>\n<p>No v\u00e4ga ei ole m\u00f5tet spekuleerida. N\u00e4dalatest kindlasti venib see paus pikemaks, pigem kuudesse. Aga kui palju \u2013 kui kellelgi on kuldv\u00f5tmeke v\u00f5i kristallkuul laua peal, mis \u00fctleb, millal l\u00f5peb Iraani ning USA ja Iisraeli vaheline s\u00f5jategevus, siis kindlasti oleksime t\u00e4psemad, aga minu teada seda kristallkuuli kellelgi praegu laua peal ei ole, nii et eks meie huvides on samamoodi rahvusvaheline diplomaatiline tegevus selleks, et see s\u00f5da v\u00f5imalikult kiiresti l\u00f5ppeks. Mitte ainult seet\u00f5ttu, et naftatarned taastuksid ja k\u00fctuse hind alla l\u00e4heks, vaid ka seet\u00f5ttu, et meie relvatarned taastuksid v\u00f5imalikult kiiresti.<\/p>\n<p>Kui te r\u00e4\u00e4kisite USA s\u00f5jaministriga s\u00f5jast L\u00e4his-Idas, kas Pete Hegseth r\u00e4\u00e4kis ka, mida ta konkreetselt Eestilt ootab?<\/p>\n<p>Me arutasime ka seda, et kuidas Euroopa saaks Ameerika \u00dchendriike toetada, aga mis ja kuidas t\u00e4pselt, see on s\u00f5jalise taseme k\u00fcsimus. Detaili me v\u00e4ga ei s\u00fc\u00fcvinud, aga jah, me arutasime seda ja leppisime ka selle kokku, et see on kahe riigi s\u00f5jaliste esindajate ja s\u00f5jalise tasandi koost\u00f6\u00f6 k\u00fcsimus.<\/p>\n<p>Kas see on n\u00fc\u00fcd kindel, et Eesti konkreetselt kavatseb Ameerika \u00dchendriike s\u00f5jas L\u00e4his-Idas kuidagi aidata?<\/p>\n<p>Ei, see ei ole kuidagi kindel ega ei ole ka midagi t\u00e4pset otsustatud, kas ja mismoodi me saame olla toeks n\u00e4iteks Hormuzi v\u00e4ina avamisel. Nagu ma \u00fctlesin \u2013 see, millised v\u00f5imalused on meie kahepoolses koost\u00f6\u00f6s, see on eelk\u00f5ige s\u00f5jalise tasandi arutelu. Me leppisime selle kokku, kuidas me edasi liigume s\u00f5jalisel tasandil ja kui need otsused on k\u00fcpsed v\u00f5i kui need ettepanekud otsusteks on k\u00fcpsed, siis saab neid edasi arutada. Aga hetkel midagi t\u00e4psemalt arutada ei ole.<\/p>\n<p>Kes need ettepanekud konkreetselt peaks tegema, kuidas Eesti saab USA-d L\u00e4his-Idas abistada ja mis hetkeks need ettepanekud tehakse, \u00a0ja kes siis otsustab?<\/p>\n<p>Nagu ma \u00fctlesin, see on s\u00f5jalise tasandi k\u00fcsimus ja seda me arutame kahepoolselt. Loomulikult, kui see vajab laiemat arutelu v\u00f5i kui see vajab kas valitsuse v\u00f5i parlamendi otsust, siis need otsused ka tehakse. Hetkel ajalist raami ma teile \u00f6elda ei oska.<\/p>\n<p>Kui n\u00fc\u00fcd k\u00fcmnetes miljonites eurodes moonatarneid hilineb, kas see t\u00e4hendab, et n\u00e4iteks j\u00e4rgmise aasta riigieelarve puuduj\u00e4\u00e4k tuleb Eestil ka v\u00e4iksem, sest USA-st moona ei saa k\u00e4tte?<\/p>\n<p>Ei, praegu see eelarvet ei puuduta. Meil on relva- ja moonatarned tehtud arvestusega, et mingid asjad v\u00f5ivad viibida, mingid asjad v\u00f5ivad tulla varem. Neid me teeme jooksvalt, nii et hetkel eelarvesse kuidagi mingisugust muutust see kaasa ei too. Teisel poolaastal teeme vahekokkuv\u00f5tted ja siis oskame \u00f6elda, kuidas see m\u00f5jutab selle aasta eelarvet, kuidas j\u00e4rgmise aasta eelarvet, aga hetke vaatest me eelarvesse mingisuguseid muudatusi ei plaani teha.<\/p>\n","protected":false},"excerpt":{"rendered":"Pidasite telefonik\u00f5ne USA s\u00f5jaministriga Pete Hegsethiga, kes teatas, et moonatarned Eestile j\u00e4\u00e4vad pausile. Teadmine, et USA on pannud&hellip;\n","protected":false},"author":2,"featured_media":158454,"comment_status":"","ping_status":"","sticky":false,"template":"","format":"standard","meta":{"footnotes":"","_share_on_mastodon":"0"},"categories":[12],"tags":[26,27,37,33,35,34,36,31,32,492,21,6627,56742,73554,28,29,74552,19,1205,25,7518,23,24,22,325,20,30],"class_list":["post-158453","post","type-post","status-publish","format-standard","has-post-thumbnail","category-eesti","tag-breaking-news","tag-breakingnews","tag-ee","tag-eesti","tag-eesti-keel","tag-estonia","tag-estonian","tag-featured-news","tag-featurednews","tag-hanno-pevkur","tag-headlines","tag-himars","tag-iraani-konflikt","tag-javelin","tag-latest-news","tag-latestnews","tag-moonatarned","tag-news","tag-pete-hegseth","tag-populaarseimad-lood","tag-relvatarned","tag-top-stories","tag-topstories","tag-uldised-uudised","tag-usa","tag-uudised","tag-viimased-uudised"],"share_on_mastodon":{"url":"https:\/\/pubeurope.com\/@ee\/116438607094029530","error":""},"_links":{"self":[{"href":"https:\/\/www.europesays.com\/ee\/wp-json\/wp\/v2\/posts\/158453","targetHints":{"allow":["GET"]}}],"collection":[{"href":"https:\/\/www.europesays.com\/ee\/wp-json\/wp\/v2\/posts"}],"about":[{"href":"https:\/\/www.europesays.com\/ee\/wp-json\/wp\/v2\/types\/post"}],"author":[{"embeddable":true,"href":"https:\/\/www.europesays.com\/ee\/wp-json\/wp\/v2\/users\/2"}],"replies":[{"embeddable":true,"href":"https:\/\/www.europesays.com\/ee\/wp-json\/wp\/v2\/comments?post=158453"}],"version-history":[{"count":0,"href":"https:\/\/www.europesays.com\/ee\/wp-json\/wp\/v2\/posts\/158453\/revisions"}],"wp:featuredmedia":[{"embeddable":true,"href":"https:\/\/www.europesays.com\/ee\/wp-json\/wp\/v2\/media\/158454"}],"wp:attachment":[{"href":"https:\/\/www.europesays.com\/ee\/wp-json\/wp\/v2\/media?parent=158453"}],"wp:term":[{"taxonomy":"category","embeddable":true,"href":"https:\/\/www.europesays.com\/ee\/wp-json\/wp\/v2\/categories?post=158453"},{"taxonomy":"post_tag","embeddable":true,"href":"https:\/\/www.europesays.com\/ee\/wp-json\/wp\/v2\/tags?post=158453"}],"curies":[{"name":"wp","href":"https:\/\/api.w.org\/{rel}","templated":true}]}}