{"id":158713,"date":"2026-04-21T06:09:14","date_gmt":"2026-04-21T06:09:14","guid":{"rendered":"https:\/\/www.europesays.com\/ee\/158713\/"},"modified":"2026-04-21T06:09:14","modified_gmt":"2026-04-21T06:09:14","slug":"sergei-metlev-%e2%9f%a9-hea-liitlane-president-zelenskoi-pidage-palun-hoogu-postimees","status":"publish","type":"post","link":"https:\/\/www.europesays.com\/ee\/158713\/","title":{"rendered":"SERGEI METLEV \u27e9 Hea liitlane president Zelensk\u00f5i, pidage palun hoogu! &#8211; Postimees"},"content":{"rendered":"<ol>\n<li><a href=\"https:\/\/news.google.com\/rss\/articles\/CBMipAFBVV95cUxQZ0FBQ1EtVVVhNGZUaUVCYkxVSTB5QXAzeE1NdjE3S3pHbUVkdHE1T1pOWDRBZjQtTFdQS05uV3d6ZFpUNkFZY2Z1NTRERGZ1Uk84aVJBM2pXSlBMTnBGTVBNcEhEMWJPWndvTUN2aXkwbmNWelpaR3Jmeng4cDRKTVZoYXRLVWxoZ3lubnh0YVZhbjVvaGdfZEt6NUVjRnBSZWtrdw?oc=5\" target=\"_blank\" rel=\"nofollow noopener\">SERGEI METLEV \u27e9 Hea liitlane president Zelensk\u00f5i, pidage palun hoogu!<\/a>&nbsp;&nbsp;Postimees<\/li>\n<li><a href=\"https:\/\/news.google.com\/rss\/articles\/CBMiugFBVV95cUxQd2g5bVV1RHVXNVF4SGhLajczeTRucXpYT1ZfWFZ6M1Zac3BVT3NUdkVDdW93VG9rWHpTaGZQM0ZZSVp1bGhGdTlaLTF3UnR3eERXTHdiQ1QxVTBpaDFCQVRwYnkwZXRzNjFCMUlhbV9QMElMSjZnSU9zMnhxbUIzckxhY1N5VFVVUm1paU4zSU1hdURvamEyTkxPbmluRnZEZlNIMkt0OVRHOWVUd2dQR0JIRkxHRlJuVmc?oc=5\" target=\"_blank\" rel=\"nofollow noopener\">OTSEBLOGI | Tsahkna: Balti riigid ei ole Vene agressiooni j\u00e4rgmised v\u00f5imalikud sihtm\u00e4rgid<\/a>&nbsp;&nbsp;\u00d5htuleht<\/li>\n<li><a href=\"https:\/\/news.google.com\/rss\/articles\/CBMilAFBVV95cUxNUjVpTFY2T25WWXpDMmszNUR2Ni1PZzE0WEZ2bGoxTGhPNHFlR3RibjVmcW5Gbi0wdk5Vdk1RR0VSVVBaLS1wUHp2am4xX3NveXJmZU5neTZqWEVGQk1WdjZTWnZsN2pqWXMyQ3BrZWxTUC1qcko5WklMY0VrQ2RBdVVSRWQ5aWRsbURNNWctekd3cjZo0gGaAUFVX3lxTE9MZGN6X1VhTmJiUWNTdHg3WjJMY1ZKaElBSlU5UmlDV1ZuT0JFUWpqZjl6OVlPZ1VxU3RlYjJHT3hydUxMZW9tOWQwSWNLNzN5YUxKbmtBMWp1ZVp1UU9DU1V4UGJodHo5ZFdaeThuYVpodnVXenZIcHUyUTNfY3FqTDZUZVdmN1Q3NEY0QmNrNVhIUDkwT1B6RXc?oc=5\" target=\"_blank\" rel=\"nofollow noopener\">&#8220;Teie olete j\u00e4rgmised&#8221; ehk Ukraina propaganda on muutumas ohtlikuks &#8211; Uued Uudised<\/a>&nbsp;&nbsp;Uued uudised<\/li>\n<li><a href=\"https:\/\/news.google.com\/rss\/articles\/CBMigwFBVV95cUxNT3dBN0NOeGtsNk5xamF2NDdBenMtR192a091UmNxU1gxSlVoYlBnX1ZUSV90d2pQUTNSOGlRY1oyWVpWMF9XS0hhS2dFVHFBdXJIN3dtQnNBdW42UnVweTVPSWlDNW01TUFXSHRTbzR3TFJ3RkxXRTgzWlVrdGx1TmhzNA?oc=5\" target=\"_blank\" rel=\"nofollow noopener\">Eesti v\u00e4lisminister: Zelenski jutt ei vasta t\u00f5ele<\/a>&nbsp;&nbsp;eestinen<\/li>\n<li><a href=\"https:\/\/news.google.com\/rss\/articles\/CBMiP0FVX3lxTFB4QVZ6VnYwTUxFeFVlRmNGc292Y0xQNWpmaUtJRVY0M1BUTjVMWnR6cWswbGU4N0pkQXZlYkpIZw?oc=5\" target=\"_blank\" rel=\"nofollow noopener\">Martin Helme: inimeste hirmutamine on muutunud retooriliseks lahmimiseks<\/a>&nbsp;&nbsp;Uudis.net<\/li>\n<\/ol>\n","protected":false},"excerpt":{"rendered":"SERGEI METLEV \u27e9 Hea liitlane president Zelensk\u00f5i, pidage palun hoogu!&nbsp;&nbsp;Postimees OTSEBLOGI | Tsahkna: Balti riigid ei ole Vene&hellip;\n","protected":false},"author":2,"featured_media":158714,"comment_status":"","ping_status":"","sticky":false,"template":"","format":"standard","meta":{"footnotes":"","_share_on_mastodon":"0"},"categories":[12],"tags":[74578,71874,26,27,37,33,74582,35,53344,34,36,31,32,21,74580,22309,74581,73421,28,29,74583,19,25,52031,23,24,74577,74576,22,20,27805,30,74579],"class_list":["post-158713","post","type-post","status-publish","format-standard","has-post-thumbnail","category-eesti","tag-balti-riigid-kui-jargmine-sihtmark","tag-balti-riikide-kaitsevoime","tag-breaking-news","tag-breakingnews","tag-ee","tag-eesti","tag-eesti-kaitsekulutused","tag-eesti-keel","tag-eesti-ukraina-suhted","tag-estonia","tag-estonian","tag-featured-news","tag-featurednews","tag-headlines","tag-hirmutaktika-ja-hoiatused","tag-julgeolekupoliitika","tag-kaitsetahe-eestis","tag-laanemere-piirkonna-julgeolek","tag-latest-news","tag-latestnews","tag-mobilisatsioon-venemaal","tag-news","tag-populaarseimad-lood","tag-strateegiline-kommunikatsioon","tag-top-stories","tag-topstories","tag-ukraina-sojablogijad","tag-ukraina-sojaline-ja-poliitiline-toetamine","tag-uldised-uudised","tag-uudised","tag-venemaa-oht","tag-viimased-uudised","tag-volodomor-zelenskoi-avaldused"],"share_on_mastodon":{"url":"","error":"Validation failed: Text character limit of 500 exceeded"},"_links":{"self":[{"href":"https:\/\/www.europesays.com\/ee\/wp-json\/wp\/v2\/posts\/158713","targetHints":{"allow":["GET"]}}],"collection":[{"href":"https:\/\/www.europesays.com\/ee\/wp-json\/wp\/v2\/posts"}],"about":[{"href":"https:\/\/www.europesays.com\/ee\/wp-json\/wp\/v2\/types\/post"}],"author":[{"embeddable":true,"href":"https:\/\/www.europesays.com\/ee\/wp-json\/wp\/v2\/users\/2"}],"replies":[{"embeddable":true,"href":"https:\/\/www.europesays.com\/ee\/wp-json\/wp\/v2\/comments?post=158713"}],"version-history":[{"count":0,"href":"https:\/\/www.europesays.com\/ee\/wp-json\/wp\/v2\/posts\/158713\/revisions"}],"wp:featuredmedia":[{"embeddable":true,"href":"https:\/\/www.europesays.com\/ee\/wp-json\/wp\/v2\/media\/158714"}],"wp:attachment":[{"href":"https:\/\/www.europesays.com\/ee\/wp-json\/wp\/v2\/media?parent=158713"}],"wp:term":[{"taxonomy":"category","embeddable":true,"href":"https:\/\/www.europesays.com\/ee\/wp-json\/wp\/v2\/categories?post=158713"},{"taxonomy":"post_tag","embeddable":true,"href":"https:\/\/www.europesays.com\/ee\/wp-json\/wp\/v2\/tags?post=158713"}],"curies":[{"name":"wp","href":"https:\/\/api.w.org\/{rel}","templated":true}]}}