{"id":158868,"date":"2026-04-21T09:27:06","date_gmt":"2026-04-21T09:27:06","guid":{"rendered":"https:\/\/www.europesays.com\/ee\/158868\/"},"modified":"2026-04-21T09:27:06","modified_gmt":"2026-04-21T09:27:06","slug":"epsteini-toimikutes-on-vihjeid-ukraina-modelli-kohta-kes-kumme-aastat-tagasi-kadus","status":"publish","type":"post","link":"https:\/\/www.europesays.com\/ee\/158868\/","title":{"rendered":"Epsteini toimikutes on vihjeid Ukraina modelli kohta, kes k\u00fcmme aastat tagasi kadus"},"content":{"rendered":"<p>Sotsiaalmeedias r\u00e4\u00e4gitakse dokumentidest ja kirjavahetustest, mis sisaldavad tuhandeid lehek\u00fclgi materjali Epsteini tegevuse kohta. Need arhiivid mainivad korduvalt m\u00f5jukaid isikuid Ida-Euroopa maadest: Ukrainast, Venemaalt, Valgevenest ja teistest endistest N\u00f5ukogude Liidu riikidest.<\/p>\n<p>Noori neiusid v\u00e4rvati tavaliselt modelliagentuuride kaudu. Nagu YouTube\u2019i kanali Pachka Paracetamol blogija m\u00e4rkis, tundis tema ema p\u00e4rast Darija Bulbo kadumist \u00fche v\u00e4rbaja \u00e4ra \u2013 too k\u00fclastas sageli nende maja.<\/p>\n<p>Oled juba tellija?Logi sisse<\/p>\n<p><a href=\"https:\/\/kroonika.delfi.ee\/artikkel\/120570020\/epsteini-toimikud-paljastavad-vihjeid-ukraina-modelli-kohta-kes-kumme-aastat-tagasi-kadus\/kommentaarid\" class=\"article-body-bottom__comment article-body-bottom__comment--write button button--primary button--size-auto\" rel=\"nofollow noopener\" target=\"_blank\"> Kommenteeri <\/a><a href=\"https:\/\/kroonika.delfi.ee\/artikkel\/120570020\/epsteini-toimikud-paljastavad-vihjeid-ukraina-modelli-kohta-kes-kumme-aastat-tagasi-kadus\/kommentaarid\" class=\"article-body-bottom__comment article-body-bottom__comment--read button button--size-auto\" rel=\"nofollow noopener\" target=\"_blank\"> Loe kommentaare <\/a><\/p>\n","protected":false},"excerpt":{"rendered":"Sotsiaalmeedias r\u00e4\u00e4gitakse dokumentidest ja kirjavahetustest, mis sisaldavad tuhandeid lehek\u00fclgi materjali Epsteini tegevuse kohta. Need arhiivid mainivad korduvalt m\u00f5jukaid&hellip;\n","protected":false},"author":2,"featured_media":158869,"comment_status":"","ping_status":"","sticky":false,"template":"","format":"standard","meta":{"footnotes":"","_share_on_mastodon":"0"},"categories":[80],"tags":[26,27,37,33,35,34,36,31,32,21,8614,28,29,95,19,25,23,24,22,20,30,92,93,94],"class_list":["post-158868","post","type-post","status-publish","format-standard","has-post-thumbnail","category-maailm","tag-breaking-news","tag-breakingnews","tag-ee","tag-eesti","tag-eesti-keel","tag-estonia","tag-estonian","tag-featured-news","tag-featurednews","tag-headlines","tag-jeffrey-epstein","tag-latest-news","tag-latestnews","tag-maailm","tag-news","tag-populaarseimad-lood","tag-top-stories","tag-topstories","tag-uldised-uudised","tag-uudised","tag-viimased-uudised","tag-world","tag-world-news","tag-worldnews"],"share_on_mastodon":{"url":"https:\/\/pubeurope.com\/@ee\/116441988895857559","error":""},"_links":{"self":[{"href":"https:\/\/www.europesays.com\/ee\/wp-json\/wp\/v2\/posts\/158868","targetHints":{"allow":["GET"]}}],"collection":[{"href":"https:\/\/www.europesays.com\/ee\/wp-json\/wp\/v2\/posts"}],"about":[{"href":"https:\/\/www.europesays.com\/ee\/wp-json\/wp\/v2\/types\/post"}],"author":[{"embeddable":true,"href":"https:\/\/www.europesays.com\/ee\/wp-json\/wp\/v2\/users\/2"}],"replies":[{"embeddable":true,"href":"https:\/\/www.europesays.com\/ee\/wp-json\/wp\/v2\/comments?post=158868"}],"version-history":[{"count":0,"href":"https:\/\/www.europesays.com\/ee\/wp-json\/wp\/v2\/posts\/158868\/revisions"}],"wp:featuredmedia":[{"embeddable":true,"href":"https:\/\/www.europesays.com\/ee\/wp-json\/wp\/v2\/media\/158869"}],"wp:attachment":[{"href":"https:\/\/www.europesays.com\/ee\/wp-json\/wp\/v2\/media?parent=158868"}],"wp:term":[{"taxonomy":"category","embeddable":true,"href":"https:\/\/www.europesays.com\/ee\/wp-json\/wp\/v2\/categories?post=158868"},{"taxonomy":"post_tag","embeddable":true,"href":"https:\/\/www.europesays.com\/ee\/wp-json\/wp\/v2\/tags?post=158868"}],"curies":[{"name":"wp","href":"https:\/\/api.w.org\/{rel}","templated":true}]}}