{"id":158890,"date":"2026-04-21T09:51:19","date_gmt":"2026-04-21T09:51:19","guid":{"rendered":"https:\/\/www.europesays.com\/ee\/158890\/"},"modified":"2026-04-21T09:51:19","modified_gmt":"2026-04-21T09:51:19","slug":"poordumine-%e2%9f%a9-suvist-metsseajahti-tuleb-sigade-aafrika-katku-ohjamiseks-suurendada","status":"publish","type":"post","link":"https:\/\/www.europesays.com\/ee\/158890\/","title":{"rendered":"P\u00d6\u00d6RDUMINE \u27e9 Suvist metsseajahti tuleb sigade Aafrika katku ohjamiseks suurendada"},"content":{"rendered":"<p>P\u00f5llumajandus- ja Toiduamet (PTA), Eesti Jahimeeste Selts (EJS), Eesti T\u00f5usigade Aretus\u00fchistu, mis koondab ligikaudu 82% kogu Eesti sigade arvust ning seakasvatusettev\u00f5te AS Maag Agro, mille osakaal moodustas eelmisel aastal umbes 50% kogu sigade arvust, kinnitavad koos kogu Eesti seakasvatussektori nimel selget toetust ennetavatele meetmetele ning r\u00f5hutavad avalikus p\u00f6\u00f6rdumises, et ennetavad tegevused on m\u00e4rkimisv\u00e4\u00e4rselt v\u00e4iksema kuluga kui ulatusliku taudipuhangu tagaj\u00e4rgede likvideerimine.<\/p>\n","protected":false},"excerpt":{"rendered":"P\u00f5llumajandus- ja Toiduamet (PTA), Eesti Jahimeeste Selts (EJS), Eesti T\u00f5usigade Aretus\u00fchistu, mis koondab ligikaudu 82% kogu Eesti sigade&hellip;\n","protected":false},"author":2,"featured_media":158891,"comment_status":"","ping_status":"","sticky":false,"template":"","format":"standard","meta":{"footnotes":"","_share_on_mastodon":"0"},"categories":[5],"tags":[74625,26,27,37,33,2830,35,74641,36255,74643,74645,34,36,31,32,21,74634,74639,74635,74633,28,29,74636,74642,74631,74644,74627,74629,74624,19,74628,6769,25,74638,74632,74623,74630,74637,74626,74640,1397,74622,36257,74646,23,24,22,20,30],"class_list":["post-158890","post","type-post","status-publish","format-standard","has-post-thumbnail","category-uldised-uudised","tag-as-maag-agro","tag-breaking-news","tag-breakingnews","tag-ee","tag-eesti","tag-eesti-jahimeeste-selts","tag-eesti-keel","tag-eesti-seakasvatussektor","tag-eesti-tousigade-aretusuhistu","tag-emisekarja-hukkamine","tag-ennetustegevuste-rahastamine","tag-estonia","tag-estonian","tag-featured-news","tag-featurednews","tag-headlines","tag-ida-virumaa-sak-riskipiirkond","tag-keskkonna-investeeringute-keskus","tag-laane-virumaa-sak-riskipiirkond","tag-laanemaa-sak-riskipiirkond","tag-latest-news","tag-latestnews","tag-looduskaitsealadel-kuttimine","tag-majanduslik-moju-sakist","tag-metssea-arvukuse-vahendamine","tag-metssea-jahisurve-suurendamine","tag-metssea-kuttimistoetus","tag-metssealiha-konservid","tag-metssigade-kuttimine","tag-news","tag-peibutussootmine","tag-pollumajandus-ja-toiduamet","tag-populaarseimad-lood","tag-riiklikud-toetusmeetmed-jahimeestele","tag-saaremaa-sak-riskipiirkond","tag-sak-ennetamine","tag-sak-seire","tag-seafarmide-kaitse","tag-seakasvatus-eestis","tag-seakasvatuse-strateegia","tag-sigade-aafrika-katk","tag-suvine-metsseajaht","tag-toidujulgeolek","tag-toidutootmise-kestlikkus-eestis","tag-top-stories","tag-topstories","tag-uldised-uudised","tag-uudised","tag-viimased-uudised"],"share_on_mastodon":{"url":"","error":"Validation failed: Text character limit of 500 exceeded"},"_links":{"self":[{"href":"https:\/\/www.europesays.com\/ee\/wp-json\/wp\/v2\/posts\/158890","targetHints":{"allow":["GET"]}}],"collection":[{"href":"https:\/\/www.europesays.com\/ee\/wp-json\/wp\/v2\/posts"}],"about":[{"href":"https:\/\/www.europesays.com\/ee\/wp-json\/wp\/v2\/types\/post"}],"author":[{"embeddable":true,"href":"https:\/\/www.europesays.com\/ee\/wp-json\/wp\/v2\/users\/2"}],"replies":[{"embeddable":true,"href":"https:\/\/www.europesays.com\/ee\/wp-json\/wp\/v2\/comments?post=158890"}],"version-history":[{"count":0,"href":"https:\/\/www.europesays.com\/ee\/wp-json\/wp\/v2\/posts\/158890\/revisions"}],"wp:featuredmedia":[{"embeddable":true,"href":"https:\/\/www.europesays.com\/ee\/wp-json\/wp\/v2\/media\/158891"}],"wp:attachment":[{"href":"https:\/\/www.europesays.com\/ee\/wp-json\/wp\/v2\/media?parent=158890"}],"wp:term":[{"taxonomy":"category","embeddable":true,"href":"https:\/\/www.europesays.com\/ee\/wp-json\/wp\/v2\/categories?post=158890"},{"taxonomy":"post_tag","embeddable":true,"href":"https:\/\/www.europesays.com\/ee\/wp-json\/wp\/v2\/tags?post=158890"}],"curies":[{"name":"wp","href":"https:\/\/api.w.org\/{rel}","templated":true}]}}