{"id":158893,"date":"2026-04-21T09:58:08","date_gmt":"2026-04-21T09:58:08","guid":{"rendered":"https:\/\/www.europesays.com\/ee\/158893\/"},"modified":"2026-04-21T09:58:08","modified_gmt":"2026-04-21T09:58:08","slug":"powerstage-%e2%9f%a9-kanaaride-mm-ralli-eelvaade-kas-ogier-votab-hooaja-esimese-voidu-postimees-sport","status":"publish","type":"post","link":"https:\/\/www.europesays.com\/ee\/158893\/","title":{"rendered":"POWERSTAGE \u27e9 Kanaaride MM-ralli eelvaade: kas Ogier v\u00f5tab hooaja esimese v\u00f5idu? &#8211; Postimees Sport"},"content":{"rendered":"<ol>\n<li><a href=\"https:\/\/news.google.com\/rss\/articles\/CBMirwFBVV95cUxNajM0RTJybjBYQmZRRDVRTkdnMU45aVhxS1VKeGFCRHlSSGZGUUxoWWVLcHl0N3YxdUl1dU9mZ3Y1M1FtSE9UT3pvemQ4TDlMUHA0WC00LTUwYTY2MllmN0xKb0hUODAtUG1DU2FlU0FHX2VsVllzS2ljQlF0NUp3d3FIX0hXMnF1VFFidUlGMjJFV0d4VXZtZkVFLWRUS2VBMll4R19oYTQyNUJ2T004?oc=5\" target=\"_blank\" rel=\"nofollow noopener\">POWERSTAGE \u27e9 Kanaaride MM-ralli eelvaade: kas Ogier v\u00f5tab hooaja esimese v\u00f5idu?<\/a>&nbsp;&nbsp;Postimees Sport<\/li>\n<li><a href=\"https:\/\/news.google.com\/rss\/articles\/CBMivAFBVV95cUxNN1RQTDI0Y2hIanViNDl1V2NXZk1WRjJaZEZqYnJwbTV3WHRhSjdyYjVUbERxN1Y4bXlrak1NbmNxVGE2emxYMFdpNzFwSEdqTE4zdXFaQjBTZGhuSDNBUmxXMXIxMHYzVGpUbGJwZ3dWaF9tVW1OanVfaWJ2RDFORDAxVVlxQjEzVUhpR2gzMUZwdVJrbnBrcDhnS3ZPY1dtTTF0elprdTZuT0NHTmdyQVZFWHVWblVQX1Uzbg?oc=5\" target=\"_blank\" rel=\"nofollow noopener\">AJAKAVA | Autoralli MM-sari j\u00e4tkub Kanaari saartel, stardis on kaks Eesti s\u00f5itjat<\/a>&nbsp;&nbsp;Delfi Sport<\/li>\n<li><a href=\"https:\/\/news.google.com\/rss\/articles\/CBMitAFBVV95cUxPMEN6MFZhNjdhUDB0Y3lxZS1GMUlwZlZPRVJLeHhTV3JhWjJFMlJOSXVvUWNSV0RPa0dWei0yR21MZEo4VWM4UlQ5TlN2NjFtNGJlbXpJOUVKOTVSeVBRVG1tbW9naEhVcE9la0paRl9rejA4YzBCRVBZLXdLOFZQZUJYVmNLc2VNV0dPUzNQaFNkQ3dwblMwZmJYTE9PcEctM2pDZG5fZzhqTnptV0RldjBvVXg?oc=5\" target=\"_blank\" rel=\"nofollow noopener\">AJAKAVA: Vaata, millal Robert Virvesele ja Romet J\u00fcrgensonile Kanaari saarte MM-rallil kaasa elada<\/a>&nbsp;&nbsp;&#8211; Ralli.ee<\/li>\n<li><a href=\"https:\/\/news.google.com\/rss\/articles\/CBMingFBVV95cUxPMGlhNGpDQlV5NHNYTC1YcjhNcWV1Y3pkMDVkellIbng1VnlrT0hfR3ZyRlJFSzliM3h3QVlUVThHMUpxNGM4U1M2Z0NjaDRHb2tLY0c4dS1JWEl0cENYSm1MbnFlZkF0d1BIVWsxbHlTcFZzdzlHck5DX0dHSjVKaFB4aEdyVjQ2dkpuWHVTaFMyMnRaVGRIRGpRbUdWZw?oc=5\" target=\"_blank\" rel=\"nofollow noopener\">Neuville: loodan, et varsti saavad k\u00f5ik meie \u00fcle uhkust tunda<\/a>&nbsp;&nbsp;\u00d5htuleht<\/li>\n<\/ol>\n","protected":false},"excerpt":{"rendered":"POWERSTAGE \u27e9 Kanaaride MM-ralli eelvaade: kas Ogier v\u00f5tab hooaja esimese v\u00f5idu?&nbsp;&nbsp;Postimees Sport AJAKAVA | Autoralli MM-sari j\u00e4tkub Kanaari&hellip;\n","protected":false},"author":2,"featured_media":158894,"comment_status":"","ping_status":"","sticky":false,"template":"","format":"standard","meta":{"footnotes":"","_share_on_mastodon":"0"},"categories":[18],"tags":[37,33,35,34,36,20480,1193,28319,20481,159,158],"class_list":["post-158893","post","type-post","status-publish","format-standard","has-post-thumbnail","category-sport","tag-ee","tag-eesti","tag-eesti-keel","tag-estonia","tag-estonian","tag-gustav-kruuda","tag-powerstage","tag-powerstage-podcast","tag-rauno-paltser","tag-sport","tag-sports"],"share_on_mastodon":{"url":"https:\/\/pubeurope.com\/@ee\/116442110652279032","error":""},"_links":{"self":[{"href":"https:\/\/www.europesays.com\/ee\/wp-json\/wp\/v2\/posts\/158893","targetHints":{"allow":["GET"]}}],"collection":[{"href":"https:\/\/www.europesays.com\/ee\/wp-json\/wp\/v2\/posts"}],"about":[{"href":"https:\/\/www.europesays.com\/ee\/wp-json\/wp\/v2\/types\/post"}],"author":[{"embeddable":true,"href":"https:\/\/www.europesays.com\/ee\/wp-json\/wp\/v2\/users\/2"}],"replies":[{"embeddable":true,"href":"https:\/\/www.europesays.com\/ee\/wp-json\/wp\/v2\/comments?post=158893"}],"version-history":[{"count":0,"href":"https:\/\/www.europesays.com\/ee\/wp-json\/wp\/v2\/posts\/158893\/revisions"}],"wp:featuredmedia":[{"embeddable":true,"href":"https:\/\/www.europesays.com\/ee\/wp-json\/wp\/v2\/media\/158894"}],"wp:attachment":[{"href":"https:\/\/www.europesays.com\/ee\/wp-json\/wp\/v2\/media?parent=158893"}],"wp:term":[{"taxonomy":"category","embeddable":true,"href":"https:\/\/www.europesays.com\/ee\/wp-json\/wp\/v2\/categories?post=158893"},{"taxonomy":"post_tag","embeddable":true,"href":"https:\/\/www.europesays.com\/ee\/wp-json\/wp\/v2\/tags?post=158893"}],"curies":[{"name":"wp","href":"https:\/\/api.w.org\/{rel}","templated":true}]}}