{"id":158933,"date":"2026-04-21T10:42:15","date_gmt":"2026-04-21T10:42:15","guid":{"rendered":"https:\/\/www.europesays.com\/ee\/158933\/"},"modified":"2026-04-21T10:42:15","modified_gmt":"2026-04-21T10:42:15","slug":"djokovic-pustitas-atp-edetabelis-oldud-ajaga-uue-rekordi","status":"publish","type":"post","link":"https:\/\/www.europesays.com\/ee\/158933\/","title":{"rendered":"Djokovic p\u00fcstitas ATP edetabelis oldud ajaga uue rekordi"},"content":{"rendered":"<p>Siiani jagas 38-aastane Djokovic seda rekordit koos \u0160veitsi legendi <a rel=\"noopener nofollow\" target=\"_blank\" href=\"https:\/\/www.delfi.ee\/teema\/41888741\/roger-federer\" tag-id=\"41888741\">Roger Federeriga<\/a>, kes p\u00fcsis pingerea esiviisikus 859 n\u00e4dalat. Kolmandal kohal on selles arvestuses hispaanlane <a rel=\"noopener nofollow\" target=\"_blank\" href=\"https:\/\/www.delfi.ee\/teema\/56497666\/rafael-nadal\" tag-id=\"56497666\">Rafael Nadal<\/a> 837 n\u00e4dalaga.<\/p>\n<p>Maailma esik\u00fcmnes on Djokovic olnud 939 n\u00e4dalat, samas kui rekordimehe Federeri tippmark on 968. Kui serblane p\u00fcsib sama heas vormis edasi, v\u00f5ib ta selle rekordi endale v\u00f5tta juba novembrikuus. <\/p>\n<p>Eesti esinumbrina j\u00e4tkab 22-aastane <a rel=\"noopener nofollow\" target=\"_blank\" href=\"https:\/\/www.delfi.ee\/teema\/90823251\/mark-lajal\" tag-id=\"90823251\">Mark Lajal<\/a>, kes on v\u00e4rskes tabelis 164. kohal. 25-aastane <a rel=\"noopener nofollow\" target=\"_blank\" href=\"https:\/\/www.delfi.ee\/teema\/82222533\/daniil-glinka\" tag-id=\"82222533\">Daniil Glinka<\/a> asub \u00fchekohalise languse j\u00e4rel 178. positsioonil.<\/p>\n<p>Kuidas see lugu Sind end tundma pani? Saada <a href=\"https:\/\/sport.delfi.ee\/artikkel\/120569947\/djokovic-pustitas-atp-edetabelis-oldud-ajaga-uue-rekordi\/kommentaarid\" class=\"article-body-bottom__comment article-body-bottom__comment--write button button--primary button--size-auto\" rel=\"nofollow noopener\" target=\"_blank\"> Kommenteeri <\/a><a href=\"https:\/\/sport.delfi.ee\/artikkel\/120569947\/djokovic-pustitas-atp-edetabelis-oldud-ajaga-uue-rekordi\/kommentaarid\" class=\"article-body-bottom__comment article-body-bottom__comment--read button button--size-auto\" rel=\"nofollow noopener\" target=\"_blank\"> Loe kommentaare (4)<\/a><\/p>\n","protected":false},"excerpt":{"rendered":"Siiani jagas 38-aastane Djokovic seda rekordit koos \u0160veitsi legendi Roger Federeriga, kes p\u00fcsis pingerea esiviisikus 859 n\u00e4dalat. Kolmandal&hellip;\n","protected":false},"author":2,"featured_media":158934,"comment_status":"","ping_status":"","sticky":false,"template":"","format":"standard","meta":{"footnotes":"","_share_on_mastodon":"0"},"categories":[18],"tags":[11199,44908,3863,556,37,33,35,555,34,36,6291,557,2787,6778,8355,159,158,2827],"class_list":["post-158933","post","type-post","status-publish","format-standard","has-post-thumbnail","category-sport","tag-alexander-zverev","tag-aryna-sabalenka","tag-carlos-alcaraz","tag-daniil-glinka","tag-ee","tag-eesti","tag-eesti-keel","tag-elena-malogina","tag-estonia","tag-estonian","tag-jannik-sinner","tag-mark-lajal","tag-novak-djokovic","tag-rafael-nadal","tag-roger-federer","tag-sport","tag-sports","tag-tennis"],"share_on_mastodon":{"url":"https:\/\/pubeurope.com\/@ee\/116442283704929683","error":""},"_links":{"self":[{"href":"https:\/\/www.europesays.com\/ee\/wp-json\/wp\/v2\/posts\/158933","targetHints":{"allow":["GET"]}}],"collection":[{"href":"https:\/\/www.europesays.com\/ee\/wp-json\/wp\/v2\/posts"}],"about":[{"href":"https:\/\/www.europesays.com\/ee\/wp-json\/wp\/v2\/types\/post"}],"author":[{"embeddable":true,"href":"https:\/\/www.europesays.com\/ee\/wp-json\/wp\/v2\/users\/2"}],"replies":[{"embeddable":true,"href":"https:\/\/www.europesays.com\/ee\/wp-json\/wp\/v2\/comments?post=158933"}],"version-history":[{"count":0,"href":"https:\/\/www.europesays.com\/ee\/wp-json\/wp\/v2\/posts\/158933\/revisions"}],"wp:featuredmedia":[{"embeddable":true,"href":"https:\/\/www.europesays.com\/ee\/wp-json\/wp\/v2\/media\/158934"}],"wp:attachment":[{"href":"https:\/\/www.europesays.com\/ee\/wp-json\/wp\/v2\/media?parent=158933"}],"wp:term":[{"taxonomy":"category","embeddable":true,"href":"https:\/\/www.europesays.com\/ee\/wp-json\/wp\/v2\/categories?post=158933"},{"taxonomy":"post_tag","embeddable":true,"href":"https:\/\/www.europesays.com\/ee\/wp-json\/wp\/v2\/tags?post=158933"}],"curies":[{"name":"wp","href":"https:\/\/api.w.org\/{rel}","templated":true}]}}