{"id":159072,"date":"2026-04-21T13:27:08","date_gmt":"2026-04-21T13:27:08","guid":{"rendered":"https:\/\/www.europesays.com\/ee\/159072\/"},"modified":"2026-04-21T13:27:08","modified_gmt":"2026-04-21T13:27:08","slug":"tanaku-ja-toyota-koostoo-taustal-kas-eesti-wrc-meeskond-on-kaega-katsuda-postimees-sport","status":"publish","type":"post","link":"https:\/\/www.europesays.com\/ee\/159072\/","title":{"rendered":"T\u00e4naku ja Toyota koost\u00f6\u00f6 taustal: kas Eesti WRC-meeskond on k\u00e4ega katsuda? &#8211; Postimees Sport"},"content":{"rendered":"<ol>\n<li><a href=\"https:\/\/news.google.com\/rss\/articles\/CBMiqwFBVV95cUxPd01yM1c1Q28tZ2swV0l4NlJuVGF0NWQyRmJkcW9faHNCLW1QUEdtSlJya09URXJRQjE4UWw5R3ZuUkNQLTBVR2lSYmNPak80NzIyZ0xjN1pYcTBtSjdjSXZsNlVCMmM4M2NIQlZlWXB0WkpwY3RvQzQyNjFtT2ltZkVUR3gwbldnTW9CZHYySzJoVHJMMlZyb2lPaVdNMFdsZFRKME5jaFh4RHc?oc=5\" target=\"_blank\" rel=\"nofollow noopener\">T\u00e4naku ja Toyota koost\u00f6\u00f6 taustal: kas Eesti WRC-meeskond on k\u00e4ega katsuda?<\/a>&nbsp;&nbsp;Postimees Sport<\/li>\n<li><a href=\"https:\/\/news.google.com\/rss\/articles\/CBMivAFBVV95cUxNZjFjLXN6UllsS1ktNFVPcnRqZEs5SXR3R1pnRTZmZGJ3TFMydVVWdmRHVmkwTzFRcDMyM3NQb1FFdTQwVndubTBuU0ZTV3hRbWdHWHV0LUVpcURpQWVOUnE2SG11V2VzODlvSnJrUGFTSXNpNUVSUkJpNEo2QnM4Z3F5T2RpUGJzczJnWjgtZUVsMzRVTWkteV9LUWJXYzA2czRrTzI3SGdEYjA3U3RYQ1hjV0VhamlMcUprRA?oc=5\" target=\"_blank\" rel=\"nofollow noopener\">TULEVIKU M\u00c4RK? Ott T\u00e4nak naasis Toyotasse: \u201eIlmselgelt on mul kihk ralliautoga s\u00f5ita.\u201c<\/a>&nbsp;&nbsp;\u00d5htuleht<\/li>\n<li><a href=\"https:\/\/news.google.com\/rss\/articles\/CBMiZ0FVX3lxTE9vWU9zclJ5RGVyRW9Rd1dGbHRHT3RST3B4U29lWmxoSjhVaEdaaTBEaXB2QmpVNVNMTjloQjhhV1I0d1VXZzUxdjNxY0JsYlZMQTlrVThsR3dtSDlfQmZRWXRtS1lZVm8?oc=5\" target=\"_blank\" rel=\"nofollow noopener\">Ott T\u00e4nak liitus taas Toyotaga<\/a>&nbsp;&nbsp;L\u00f5unaeestlane<\/li>\n<li><a href=\"https:\/\/news.google.com\/rss\/articles\/CBMilAFBVV95cUxPQnFveE54TkF2eWlBSUxyRTRMS2dMa01YSWJ0SHlqSVNVV1Zxak5jb2dPMTd4cG5yS2R1QklwbWUwY19mT3liZ01Zdm9jcmNkSkVxRG8yTlpXN3BnZG9hbHZxSWVYellqV2dnSjVYcFpPZ2VVZDh6c0U3dmpCME9HZTl0Z2VwaTdPblB6U19lU2FKdmlG?oc=5\" target=\"_blank\" rel=\"nofollow noopener\">Absurdne olukord WRC-s: ebaselged reeglid sunnivad Toyotat uut ralliautot sisuliselt pimesi testima<\/a>&nbsp;&nbsp;&#8211; Ralli.ee<\/li>\n<li><a href=\"https:\/\/news.google.com\/rss\/articles\/CBMiP0FVX3lxTFB1WlhQQmNvZGgxMnYwQTZBVmQzVDdoWFRDRGlTTnNLLTJCRXRwSGkycnplYmhlQ1ZrWVpncFc0QQ?oc=5\" target=\"_blank\" rel=\"nofollow noopener\">L\u00e4ti avalikustas ettev\u00f5tte, mis tuleb t\u00e4navu b\u00f6rsile<\/a>&nbsp;&nbsp;Uudis.net<\/li>\n<\/ol>\n","protected":false},"excerpt":{"rendered":"T\u00e4naku ja Toyota koost\u00f6\u00f6 taustal: kas Eesti WRC-meeskond on k\u00e4ega katsuda?&nbsp;&nbsp;Postimees Sport TULEVIKU M\u00c4RK? Ott T\u00e4nak naasis Toyotasse:&hellip;\n","protected":false},"author":2,"featured_media":159073,"comment_status":"","ping_status":"","sticky":false,"template":"","format":"standard","meta":{"footnotes":"","_share_on_mastodon":"0"},"categories":[18],"tags":[37,33,35,34,36,20480,1193,28319,20481,159,158],"class_list":["post-159072","post","type-post","status-publish","format-standard","has-post-thumbnail","category-sport","tag-ee","tag-eesti","tag-eesti-keel","tag-estonia","tag-estonian","tag-gustav-kruuda","tag-powerstage","tag-powerstage-podcast","tag-rauno-paltser","tag-sport","tag-sports"],"share_on_mastodon":{"url":"https:\/\/pubeurope.com\/@ee\/116442932597282464","error":""},"_links":{"self":[{"href":"https:\/\/www.europesays.com\/ee\/wp-json\/wp\/v2\/posts\/159072","targetHints":{"allow":["GET"]}}],"collection":[{"href":"https:\/\/www.europesays.com\/ee\/wp-json\/wp\/v2\/posts"}],"about":[{"href":"https:\/\/www.europesays.com\/ee\/wp-json\/wp\/v2\/types\/post"}],"author":[{"embeddable":true,"href":"https:\/\/www.europesays.com\/ee\/wp-json\/wp\/v2\/users\/2"}],"replies":[{"embeddable":true,"href":"https:\/\/www.europesays.com\/ee\/wp-json\/wp\/v2\/comments?post=159072"}],"version-history":[{"count":0,"href":"https:\/\/www.europesays.com\/ee\/wp-json\/wp\/v2\/posts\/159072\/revisions"}],"wp:featuredmedia":[{"embeddable":true,"href":"https:\/\/www.europesays.com\/ee\/wp-json\/wp\/v2\/media\/159073"}],"wp:attachment":[{"href":"https:\/\/www.europesays.com\/ee\/wp-json\/wp\/v2\/media?parent=159072"}],"wp:term":[{"taxonomy":"category","embeddable":true,"href":"https:\/\/www.europesays.com\/ee\/wp-json\/wp\/v2\/categories?post=159072"},{"taxonomy":"post_tag","embeddable":true,"href":"https:\/\/www.europesays.com\/ee\/wp-json\/wp\/v2\/tags?post=159072"}],"curies":[{"name":"wp","href":"https:\/\/api.w.org\/{rel}","templated":true}]}}