{"id":159230,"date":"2026-04-21T16:23:10","date_gmt":"2026-04-21T16:23:10","guid":{"rendered":"https:\/\/www.europesays.com\/ee\/159230\/"},"modified":"2026-04-21T16:23:10","modified_gmt":"2026-04-21T16:23:10","slug":"fisi-president-vahetab-ametis-jatkamiseks-kodakondsust","status":"publish","type":"post","link":"https:\/\/www.europesays.com\/ee\/159230\/","title":{"rendered":"FISi president vahetab ametis j\u00e4tkamiseks kodakondsust"},"content":{"rendered":"<p>FISi p\u00f5hikirja kohaselt saavad presidendiks p\u00fcrgida vaid need isikud, kellel on nende oma koduriigi suusaliidu toetus. Alates 2021. aastast FISi juhtinud Eliaschil on nii Rootsi kui Suurbritannia pass, ent kumbi nimetatud riigi suusaliit ei kavatse teda kandidaadina \u00fcles seada.<\/p>\n<p>64-aastasele Eliaschile on n\u00fc\u00fcd abik\u00e4tt ulatamas Armeenia, kelle suusaliit on esitanud ta oma presidendikandidaadiks. <\/p>\n<p>\u201eKuulujutud Armeenia ja Eliaschi kohta algasid eelmise n\u00e4dala l\u00f5pus p\u00e4rast FIS-i juhatuse koosolekut,\u201c \u00fctles \u00fcks suusaliidu siseringi kuuluv allikas, vahendab soomlaste <a rel=\"noopener follow nofollow\" target=\"_blank\" href=\"https:\/\/yle.fi\/a\/74-20221630\" data-rel-date-range=\"[]\">YLE<\/a>.<\/p>\n<p>FIS-i kommunikatsioonijuht Bruno Sassi ei kinnitanud ega l\u00fckanud \u00fcmber seda v\u00e4idet Armeenia kohta ning teatas vaid, et ei kommenteeri seda teemat enne kolmap\u00e4eva, kui on ametlik kandidaatide esitamise kuup\u00e4ev.<\/p>\n<p>Eelmine kord esitas Eliaschi presidendikandidaadiks Suurbritannia suusaliit. <\/p>\n<p>Kuulduste kohaselt oli Eliasch uurinud ka Aserbaid\u017eaani ja Monaco kodakondsuse saamise v\u00f5imalusi, kuid v\u00e4idetavalt m\u00f5lema riigi suusaliidud keeldusid tema kandidatuuri esitamisest.<\/p>\n<p>FIS valib uue presidendi 10.-11. juunil Belgradis toimuval kongressil.<\/p>\n<p>Lisaks Eliaschile kandideerivad presidendiks kindlasti Dexter Paine (USA), Alexander Ospelt (Liechtenstein), Anna Harboe Falkenberg (Taani) ja Victoria Gosling (Suurbritannia). K\u00f5ik teised peale Goslingi on FIS-i juhatuse liikmed. <\/p>\n<p>Kuidas see lugu Sind end tundma pani? Saada <a href=\"https:\/\/sport.delfi.ee\/artikkel\/120570182\/fisi-president-vahetab-ametis-jatkamiseks-kodakondsust\/kommentaarid\" class=\"article-body-bottom__comment article-body-bottom__comment--write button button--primary button--size-auto\" rel=\"nofollow noopener\" target=\"_blank\"> Kommenteeri <\/a><a href=\"https:\/\/sport.delfi.ee\/artikkel\/120570182\/fisi-president-vahetab-ametis-jatkamiseks-kodakondsust\/kommentaarid\" class=\"article-body-bottom__comment article-body-bottom__comment--read button button--size-auto\" rel=\"nofollow noopener\" target=\"_blank\"> Loe kommentaare (4)<\/a><\/p>\n","protected":false},"excerpt":{"rendered":"FISi p\u00f5hikirja kohaselt saavad presidendiks p\u00fcrgida vaid need isikud, kellel on nende oma koduriigi suusaliidu toetus. Alates 2021.&hellip;\n","protected":false},"author":2,"featured_media":159231,"comment_status":"","ping_status":"","sticky":false,"template":"","format":"standard","meta":{"footnotes":"","_share_on_mastodon":"0"},"categories":[18],"tags":[37,33,35,34,36,3710,3044,159,158,74843],"class_list":["post-159230","post","type-post","status-publish","format-standard","has-post-thumbnail","category-sport","tag-ee","tag-eesti","tag-eesti-keel","tag-estonia","tag-estonian","tag-fis","tag-murdmaasuusatamine","tag-sport","tag-sports","tag-suusatamaine"],"share_on_mastodon":{"url":"https:\/\/pubeurope.com\/@ee\/116443624668214671","error":""},"_links":{"self":[{"href":"https:\/\/www.europesays.com\/ee\/wp-json\/wp\/v2\/posts\/159230","targetHints":{"allow":["GET"]}}],"collection":[{"href":"https:\/\/www.europesays.com\/ee\/wp-json\/wp\/v2\/posts"}],"about":[{"href":"https:\/\/www.europesays.com\/ee\/wp-json\/wp\/v2\/types\/post"}],"author":[{"embeddable":true,"href":"https:\/\/www.europesays.com\/ee\/wp-json\/wp\/v2\/users\/2"}],"replies":[{"embeddable":true,"href":"https:\/\/www.europesays.com\/ee\/wp-json\/wp\/v2\/comments?post=159230"}],"version-history":[{"count":0,"href":"https:\/\/www.europesays.com\/ee\/wp-json\/wp\/v2\/posts\/159230\/revisions"}],"wp:featuredmedia":[{"embeddable":true,"href":"https:\/\/www.europesays.com\/ee\/wp-json\/wp\/v2\/media\/159231"}],"wp:attachment":[{"href":"https:\/\/www.europesays.com\/ee\/wp-json\/wp\/v2\/media?parent=159230"}],"wp:term":[{"taxonomy":"category","embeddable":true,"href":"https:\/\/www.europesays.com\/ee\/wp-json\/wp\/v2\/categories?post=159230"},{"taxonomy":"post_tag","embeddable":true,"href":"https:\/\/www.europesays.com\/ee\/wp-json\/wp\/v2\/tags?post=159230"}],"curies":[{"name":"wp","href":"https:\/\/api.w.org\/{rel}","templated":true}]}}