{"id":159276,"date":"2026-04-21T17:22:15","date_gmt":"2026-04-21T17:22:15","guid":{"rendered":"https:\/\/www.europesays.com\/ee\/159276\/"},"modified":"2026-04-21T17:22:15","modified_gmt":"2026-04-21T17:22:15","slug":"tallinn-tahab-lammutada-putukavaila-ajaloolised-elektrimastid-eesti-2","status":"publish","type":"post","link":"https:\/\/www.europesays.com\/ee\/159276\/","title":{"rendered":"Tallinn tahab lammutada putukav\u00e4ila ajaloolised elektrimastid | Eesti"},"content":{"rendered":"<p>L\u00e4inud septembris avati Tallinna lineaarpargi putukav\u00e4ila esimene Ristiku t\u00e4nava ja Kolde puiestee vahele j\u00e4\u00e4v l\u00f5ik. \u00dcheksast rohealast koosnev koridor hakkab suuresti kulgema m\u00f6\u00f6da endist raudteetammi ja k\u00f5rgepingeliinide jada ning peaks kunagi j\u00f5udma Hiiu asumini v\u00e4lja.<\/p>\n<p>Arhitektuuri- ja projekteerimisettev\u00f5tte Kino esialgse idee j\u00e4rgi oleks P\u00f5hja-Tallinna viis 1959. aastal ehitatud k\u00f5rgepingeliini masti kujundatud osaks putukav\u00e4ila esimesest jupist. P\u00f5hiprojekti tellis linn aga teiselt ettev\u00f5ttelt, hanke v\u00f5itnud K-Projektilt, kes j\u00e4ttis originaalidee ellu viimata.<\/p>\n<p>Kino maastikuarhitekt Juhan Teppart selgitas, et kui tegu on mistahes loominguga, siis peab autor saama \u00f6elda, mis sellega edasi saab.<\/p>\n<p>&#8220;Teine projekteerija j\u00e4tkas projekteerimist ja siis mindi m\u00f6\u00f6da algselt olnud idee lahendustest,&#8221; t\u00f5des Teppart.<\/p>\n<p>&#8220;Mingid asjad v\u00f5eti \u00fcle meie projektist ja mingid asjad tehti teistmoodi. Aga tegelikult see niimoodi ei k\u00e4i. Seda, miks mindi m\u00f6\u00f6da v\u00f5i miks mugandusi tehti, ei oska ma kommenteerida. See on autori\u00f5iguste rikkumise teema. Saan aru, et n\u00fc\u00fcd soovitakse mastid \u00fcldse maha v\u00f5tta, see oleks j\u00e4rjekordne rikkumine, kui ideest vaadatakse m\u00f6\u00f6da ja ei konsulteerita autoritega. Just inimesele m\u00f5eldud pool projektis, seda vahendab ikkagi \u00fcks autor,&#8221; r\u00e4\u00e4kis Teppart.<\/p>\n<p>Tallinna linnapea Peeter Raudsepp (Isamaa) ei osanud teemat kommenteerida, lisades, et see on natuke \u00fcllatav.<\/p>\n<p>Raudsepa s\u00f5nul on tegu vanade ja amortiseerinud mastidega<\/p>\n<p>Raudsepp \u00fctles, et linnavalitsus v\u00f5ttis vastu otsuse likvideerida putukav\u00e4ila elektrimastid mullu 19. detsembril. Sealhulgas t\u00fchistas linn ka Putukav\u00e4ila mastide installatsioonide ideekonkursi, mis parasjagu k\u00e4imas oli.<\/p>\n<p>Linnapea andmeil maksab \u00fche masti konserveerimine s\u00e4ilitamise eesm\u00e4rgil kuni 60 tuhat eurot \u2013 seega viie masti peale kokku ligi 300 tuhat eurot.<\/p>\n<p>&#8220;Ma ei ole pidanud seda otstarbekaks, seda rehkendust, sest mingisugust tarvet neil ei ole,&#8221; s\u00f5nas Raudsepp.<\/p>\n<p>&#8220;Need on vanad ja amortiseerunud mastid. V\u00f5ib-olla m\u00f5ne vaataja jaoks on ilu tema silmades \u2013 kardan, et enamusel inimestel seda ei ole. See on linna maksumaksjale t\u00e4iendav kulu, linnale t\u00e4iendav risk, mis nendest tulevikus saab, sest siis ei tule keegi neid ilma rahata maha v\u00f5tma. P\u00e4ris uue masti saaks umbes poole odavamalt,&#8221; m\u00e4rkis ta.<\/p>\n<p>Raudsepp t\u00f5des, et otsus oleks hoopis see, kui mastid alles j\u00e4etaks. Ta \u00fctles ka, et maste omav v\u00f5rguettev\u00f5te Elering on n\u00f5us need teisaldama ning p\u00e4rast ka maapinna \u00e4ra tasandama. Seega ei peaks Tallinn millegi eest maksma, lisas Raudsepp.<\/p>\n<p>Tepparti s\u00f5nul saaks aga hinnata iga masti eraldi ning konserveerida konstruktsioonid nii, et need enam edasi ei laguneks. Arhitekt r\u00f5hutas, et mastid ei pea t\u00e4ielikult s\u00e4ilima, vaid saab ka pooleldi lahti v\u00f5tta v\u00f5i demonteerida ning nii mingilgi kujul s\u00e4ilitada ja neile funktsioon leida.<\/p>\n<p>&#8220;V\u00f5ib-olla v\u00f5ib j\u00e4tta need otsused j\u00e4rgmistele inimestele, kellel on rohkem ideid v\u00f5i soovi tegeleda niisuguste v\u00e4\u00e4rtustega nagu pargiruum v\u00f5i piirkonna identiteet,&#8221; t\u00f5des Teppart.<\/p>\n<p>Tema s\u00f5nul j\u00e4\u00e4ks mastide lammutamisel kohalikud inimesed ilma olulistest maam\u00e4rkidest, mis on seotud piirkonna ajalooga.<\/p>\n<p>Valguslahendus j\u00e4i rajamata<\/p>\n<p>&#8220;Varem olid raudteer\u00f6\u00f6pad, asemele tulid k\u00f5rgepingeliini mastid ja n\u00fc\u00fcd tuli putukav\u00e4il, mis on justkui inimese v\u00f5imestaja ja tema terviseruum. Meie soov oli sedasama ajalugu n\u00e4idata ja s\u00e4ilitada,&#8221; r\u00e4\u00e4kis Teppart.<\/p>\n<p>Ta kirjeldas lahendusi, mida olid eskiisis v\u00e4lja pakkunud. Sealhulgas vaateplatvorm ja k\u00f5rge masti konstruktsiooniga \u00fchendatud m\u00e4nguv\u00e4ljak. Variant oli panna ka mastide peale kasvama ronitaimed v\u00f5i rajada sinna kasvuhooned. Samuti m\u00e4ngis Kino arhitektide plaanis v\u00f5tmerolli valguslahendus.<\/p>\n<p>&#8220;Projektis oli ette n\u00e4htud riputatud valgustus, et kasutataks \u00e4ra suuri valgustusmaste. Tuleksid lisamastid, aga kaablid ei oleks mitte maa all, vaid valgustid oleks trossi k\u00fcljes,&#8221; r\u00e4\u00e4kis Teppart. &#8220;Praegu ehitati standardne, tavalisem lahendus \u2013 h\u00e4sti palju valgustiposte ning mastid j\u00e4id ka kasutuseta,&#8221; t\u00f5des Teppart.<\/p>\n<p>Raudsepp aga leiab, et elektrimastid on eelk\u00f5ige tehniline rajatis ning liigse fantaasiaga ei ole paslik l\u00e4heneda.<\/p>\n<p>&#8220;Julgen arvata, et iga m\u00f5te, mis nende mastidega teha tahaks, tegelikus elus rakendust ei leia. Sellep\u00e4rast et need mastid ei ole ju k\u00f5igeks m\u00f5eldud. Nad on m\u00f5eldud \u00fcheks asjaks \u2013 kandma elektriliine,&#8221; r\u00f5hutas Raudsepp.<\/p>\n<p>Elektrimastid paiknevad P\u00f5hja-Tallinnas S\u00f5le, Ehte, Puhangu ja Kaera t\u00e4nava juures.<\/p>\n<p>Plaan h\u00f5lmata putukav\u00e4ila projektis vanu maste, p\u00fcsis j\u00f5us veel eelmise, sotsiaaldemokraat Jevgeni Ossinovski juhitud Tallinna linnavalitsuse ajal, kuid n\u00e4rbus l\u00e4inud aastal, mil tuli peale uus Isamaa ja Keskerakonna v\u00f5im.<\/p>\n<p>Putukav\u00e4ila elektrimastide allesj\u00e4tmise ja rakendamise plaan esitati ka t\u00e4navusse Tallinna kaasavasse eelarvesse.<\/p>\n","protected":false},"excerpt":{"rendered":"L\u00e4inud septembris avati Tallinna lineaarpargi putukav\u00e4ila esimene Ristiku t\u00e4nava ja Kolde puiestee vahele j\u00e4\u00e4v l\u00f5ik. \u00dcheksast rohealast koosnev&hellip;\n","protected":false},"author":2,"featured_media":159275,"comment_status":"","ping_status":"","sticky":false,"template":"","format":"standard","meta":{"footnotes":"","_share_on_mastodon":"0"},"categories":[5],"tags":[20089,26,27,37,33,35,15817,34,36,31,32,21,74860,28,29,19,4130,25,41770,2130,23,24,22,20,30],"class_list":["post-159276","post","type-post","status-publish","format-standard","has-post-thumbnail","category-uldised-uudised","tag-autorioigused","tag-breaking-news","tag-breakingnews","tag-ee","tag-eesti","tag-eesti-keel","tag-elektriliin","tag-estonia","tag-estonian","tag-featured-news","tag-featurednews","tag-headlines","tag-juhan-teppart","tag-latest-news","tag-latestnews","tag-news","tag-peeter-raudsepp","tag-populaarseimad-lood","tag-putukavail","tag-tallinn","tag-top-stories","tag-topstories","tag-uldised-uudised","tag-uudised","tag-viimased-uudised"],"share_on_mastodon":{"url":"https:\/\/pubeurope.com\/@ee\/116443856473127166","error":""},"_links":{"self":[{"href":"https:\/\/www.europesays.com\/ee\/wp-json\/wp\/v2\/posts\/159276","targetHints":{"allow":["GET"]}}],"collection":[{"href":"https:\/\/www.europesays.com\/ee\/wp-json\/wp\/v2\/posts"}],"about":[{"href":"https:\/\/www.europesays.com\/ee\/wp-json\/wp\/v2\/types\/post"}],"author":[{"embeddable":true,"href":"https:\/\/www.europesays.com\/ee\/wp-json\/wp\/v2\/users\/2"}],"replies":[{"embeddable":true,"href":"https:\/\/www.europesays.com\/ee\/wp-json\/wp\/v2\/comments?post=159276"}],"version-history":[{"count":0,"href":"https:\/\/www.europesays.com\/ee\/wp-json\/wp\/v2\/posts\/159276\/revisions"}],"wp:featuredmedia":[{"embeddable":true,"href":"https:\/\/www.europesays.com\/ee\/wp-json\/wp\/v2\/media\/159275"}],"wp:attachment":[{"href":"https:\/\/www.europesays.com\/ee\/wp-json\/wp\/v2\/media?parent=159276"}],"wp:term":[{"taxonomy":"category","embeddable":true,"href":"https:\/\/www.europesays.com\/ee\/wp-json\/wp\/v2\/categories?post=159276"},{"taxonomy":"post_tag","embeddable":true,"href":"https:\/\/www.europesays.com\/ee\/wp-json\/wp\/v2\/tags?post=159276"}],"curies":[{"name":"wp","href":"https:\/\/api.w.org\/{rel}","templated":true}]}}