{"id":159540,"date":"2026-04-22T02:51:10","date_gmt":"2026-04-22T02:51:10","guid":{"rendered":"https:\/\/www.europesays.com\/ee\/159540\/"},"modified":"2026-04-22T02:51:10","modified_gmt":"2026-04-22T02:51:10","slug":"video-patrikejevs-loi-lati-korgliigas-baturinsile-kaks-varavat-soccernet-ee","status":"publish","type":"post","link":"https:\/\/www.europesays.com\/ee\/159540\/","title":{"rendered":"Video: Patrikejevs l\u00f5i L\u00e4ti k\u00f5rgliigas Baturinsile kaks v\u00e4ravat &#8211; Soccernet.ee"},"content":{"rendered":"<p><img decoding=\"async\" src=\"https:\/\/www.europesays.com\/ee\/wp-content\/uploads\/2026\/04\/1776782556.jpg\" alt=\"Ivans Patrikejevs mullu N\u00f5mme Kalju s\u00e4rgis. Foto: Katariina Peetson \/ jalgpall.ee\"\/>&#13;\n<\/p>\n<p>Mullu Premium liigas m\u00e4nginud l\u00e4tlased Ivans Patrikejevs ja Ivans Baturins l\u00e4ksid m\u00f6\u00f6dunud n\u00e4dalavahetusel vastamisi L\u00e4ti k\u00f5rgliigas, kui Tukums 2000 ja Liepaja m\u00e4ngisid 2:2 viiki.<\/p>\n<p>M\u00f5lemad mehed said kirja t\u00e4ism\u00e4ngu, kui 28-aastane Baturins oli Tukumsi v\u00e4ravasuul ja 20-aastane Patrikejevs Liepaja r\u00fcndeliinis. Seejuures l\u00f5i Patrikejevs teisel poolajal kaks v\u00e4ravat, p\u00f6\u00f6rates Liepaja 0:1 kaotusseisu 2:1 eduks, aga koduv\u00e4ljakul m\u00e4nginud Tukums vastas 90+5. minutil 2:2 viigiv\u00e4ravaga.&#13;\n<\/p>\n<p>&#13;\n<\/p>\n<p>Patrikejevs kuulus viimased kaks aastat laenulepingu alusel N\u00f5mme Kaljusse, kelle eest l\u00f5i Premium liigas 49 m\u00e4nguga k\u00fcmme v\u00e4ravat ja andis \u00fcheksa resultatiivset s\u00f6\u00f6tu. Baturins on Premium liigas nelja hooaja jooksul (2021 ja 2022 Tallinna Legionis, 2023 ja 2025 Harju Laagris) m\u00e4nginud 135 kohtumist.<\/p>\n<p>Kusjuures Patrikejevs l\u00f5i ka mullu Premium liigas Baturinsi vastu kaks v\u00e4ravat, m\u00f5lemad Laagri kunstmuruv\u00e4ljakul. Patrikejevs skooris 24. septembril ja 19. oktoobril, kui Kalju alistas Harju vastavalt 3:2 ja 3:1.&#13;\n<\/p>\n<p>T\u00e4navu on L\u00e4ti k\u00f5rgliigas praeguse seisuga m\u00e4ngitud seitse vooru. Liepaja asub k\u00fcmne meeskonna konkurentsis kaheksa punktiga kuuendal kohal ja Tukums nelja punktiga \u00fcheksandal tabelireal. Patrikejevs on seitsme m\u00e4nguga (kaks algkoosseisus ja viis vahetusest) l\u00f6\u00f6nud kaks v\u00e4ravat. Baturinsil on kirjas seitse t\u00e4ism\u00e4ngu.&#13;<\/p>\n","protected":false},"excerpt":{"rendered":"&#13; Mullu Premium liigas m\u00e4nginud l\u00e4tlased Ivans Patrikejevs ja Ivans Baturins l\u00e4ksid m\u00f6\u00f6dunud n\u00e4dalavahetusel vastamisi L\u00e4ti k\u00f5rgliigas, kui&hellip;\n","protected":false},"author":2,"featured_media":159541,"comment_status":"","ping_status":"","sticky":false,"template":"","format":"standard","meta":{"footnotes":"","_share_on_mastodon":"0"},"categories":[18],"tags":[5103,37,33,35,34,36,5104,40054,114,74926,7947,40060,159,158,29427,74927],"class_list":["post-159540","post","type-post","status-publish","format-standard","has-post-thumbnail","category-sport","tag-baturins","tag-ee","tag-eesti","tag-eesti-keel","tag-estonia","tag-estonian","tag-ivans-baturins","tag-ivans-patrikejevs","tag-lati","tag-lati-korgliiga","tag-liepaja","tag-patrikejevs","tag-sport","tag-sports","tag-tukums","tag-tukums-2000"],"share_on_mastodon":{"url":"https:\/\/pubeurope.com\/@ee\/116446093855892256","error":""},"_links":{"self":[{"href":"https:\/\/www.europesays.com\/ee\/wp-json\/wp\/v2\/posts\/159540","targetHints":{"allow":["GET"]}}],"collection":[{"href":"https:\/\/www.europesays.com\/ee\/wp-json\/wp\/v2\/posts"}],"about":[{"href":"https:\/\/www.europesays.com\/ee\/wp-json\/wp\/v2\/types\/post"}],"author":[{"embeddable":true,"href":"https:\/\/www.europesays.com\/ee\/wp-json\/wp\/v2\/users\/2"}],"replies":[{"embeddable":true,"href":"https:\/\/www.europesays.com\/ee\/wp-json\/wp\/v2\/comments?post=159540"}],"version-history":[{"count":0,"href":"https:\/\/www.europesays.com\/ee\/wp-json\/wp\/v2\/posts\/159540\/revisions"}],"wp:featuredmedia":[{"embeddable":true,"href":"https:\/\/www.europesays.com\/ee\/wp-json\/wp\/v2\/media\/159541"}],"wp:attachment":[{"href":"https:\/\/www.europesays.com\/ee\/wp-json\/wp\/v2\/media?parent=159540"}],"wp:term":[{"taxonomy":"category","embeddable":true,"href":"https:\/\/www.europesays.com\/ee\/wp-json\/wp\/v2\/categories?post=159540"},{"taxonomy":"post_tag","embeddable":true,"href":"https:\/\/www.europesays.com\/ee\/wp-json\/wp\/v2\/tags?post=159540"}],"curies":[{"name":"wp","href":"https:\/\/api.w.org\/{rel}","templated":true}]}}