{"id":159636,"date":"2026-04-22T06:34:14","date_gmt":"2026-04-22T06:34:14","guid":{"rendered":"https:\/\/www.europesays.com\/ee\/159636\/"},"modified":"2026-04-22T06:34:14","modified_gmt":"2026-04-22T06:34:14","slug":"nyt-ukraina-pakkus-vaidetavalt-et-osa-donetski-oblastist-voiks-nimetada-donnylandiks","status":"publish","type":"post","link":"https:\/\/www.europesays.com\/ee\/159636\/","title":{"rendered":"NYT: Ukraina pakkus v\u00e4idetavalt, et osa Donetski oblastist v\u00f5iks nimetada \u201eDonnylandiks\u201c"},"content":{"rendered":"<p>NYT allikate teatel pakuti see idee v\u00e4lja poolnaljatamisi, aga ka katsena \u00f5hutada Trumpi administratsiooni <a rel=\"noopener nofollow\" target=\"_blank\" href=\"https:\/\/www.delfi.ee\/teema\/3\/venemaa\" tag-id=\"3\">Venemaa<\/a> territoriaalsete n\u00f5udmiste kohta kindlamat seisukohta v\u00f5tma.<\/p>\n<p>\u201eDonnylandi\u201c nimetus, mis viitab Donetskile, Donaldile ja Disneylandile, on teadete kohaselt p\u00e4rast seda l\u00e4bir\u00e4\u00e4kimistel l\u00e4bi k\u00e4ima j\u00e4\u00e4nud. \u201eDonnylandiks\u201c saaks <a rel=\"noopener nofollow\" target=\"_blank\" href=\"https:\/\/www.delfi.ee\/teema\/96854942\/donetski-oblast\" tag-id=\"96854942\">Donetski oblasti<\/a> loodepoolseim osa pindalaga umbes 5000 ruutkilomeetrit.<\/p>\n<p>L\u00e4bir\u00e4\u00e4kijad pakkusid NYT teatel, et piirkonda aitaks hallata Trumpi <a rel=\"noopener nofollow\" target=\"_blank\" href=\"https:\/\/www.delfi.ee\/teema\/96882523\/rahunoukogu\" tag-id=\"96882523\">Rahun\u00f5ukogu<\/a>, millesse ei kuulu ei Ukraina ega Venemaa. Mingites ametlikes dokumentides see ettepanek ei kajastu.<\/p>\n<p>Kuidas see lugu Sind end tundma pani? Saada <a href=\"https:\/\/www.delfi.ee\/artikkel\/120570228\/nyt-ukraina-pakkus-vaidetavalt-et-osa-donetski-oblastist-voiks-nimetada-donnylandiks\/kommentaarid\" class=\"article-body-bottom__comment article-body-bottom__comment--write button button--primary button--size-auto\" rel=\"nofollow noopener\" target=\"_blank\"> Kommenteeri <\/a><a href=\"https:\/\/www.delfi.ee\/artikkel\/120570228\/nyt-ukraina-pakkus-vaidetavalt-et-osa-donetski-oblastist-voiks-nimetada-donnylandiks\/kommentaarid\" class=\"article-body-bottom__comment article-body-bottom__comment--read button button--size-auto\" rel=\"nofollow noopener\" target=\"_blank\"> Loe kommentaare (9)<\/a><\/p>\n","protected":false},"excerpt":{"rendered":"NYT allikate teatel pakuti see idee v\u00e4lja poolnaljatamisi, aga ka katsena \u00f5hutada Trumpi administratsiooni Venemaa territoriaalsete n\u00f5udmiste kohta&hellip;\n","protected":false},"author":2,"featured_media":159637,"comment_status":"","ping_status":"","sticky":false,"template":"","format":"standard","meta":{"footnotes":"","_share_on_mastodon":"0"},"categories":[80],"tags":[26,27,324,5006,3912,37,33,35,34,36,31,32,21,28,29,95,19,25,22349,107,23,24,262,22,325,20,96,30,92,93,94],"class_list":["post-159636","post","type-post","status-publish","format-standard","has-post-thumbnail","category-maailm","tag-breaking-news","tag-breakingnews","tag-donald-trump","tag-donbass","tag-donetski-oblast","tag-ee","tag-eesti","tag-eesti-keel","tag-estonia","tag-estonian","tag-featured-news","tag-featurednews","tag-headlines","tag-latest-news","tag-latestnews","tag-maailm","tag-news","tag-populaarseimad-lood","tag-rahunoukogu","tag-soda-ukrainas","tag-top-stories","tag-topstories","tag-ukraina","tag-uldised-uudised","tag-usa","tag-uudised","tag-venemaa","tag-viimased-uudised","tag-world","tag-world-news","tag-worldnews"],"share_on_mastodon":{"url":"https:\/\/pubeurope.com\/@ee\/116446970798139193","error":""},"_links":{"self":[{"href":"https:\/\/www.europesays.com\/ee\/wp-json\/wp\/v2\/posts\/159636","targetHints":{"allow":["GET"]}}],"collection":[{"href":"https:\/\/www.europesays.com\/ee\/wp-json\/wp\/v2\/posts"}],"about":[{"href":"https:\/\/www.europesays.com\/ee\/wp-json\/wp\/v2\/types\/post"}],"author":[{"embeddable":true,"href":"https:\/\/www.europesays.com\/ee\/wp-json\/wp\/v2\/users\/2"}],"replies":[{"embeddable":true,"href":"https:\/\/www.europesays.com\/ee\/wp-json\/wp\/v2\/comments?post=159636"}],"version-history":[{"count":0,"href":"https:\/\/www.europesays.com\/ee\/wp-json\/wp\/v2\/posts\/159636\/revisions"}],"wp:featuredmedia":[{"embeddable":true,"href":"https:\/\/www.europesays.com\/ee\/wp-json\/wp\/v2\/media\/159637"}],"wp:attachment":[{"href":"https:\/\/www.europesays.com\/ee\/wp-json\/wp\/v2\/media?parent=159636"}],"wp:term":[{"taxonomy":"category","embeddable":true,"href":"https:\/\/www.europesays.com\/ee\/wp-json\/wp\/v2\/categories?post=159636"},{"taxonomy":"post_tag","embeddable":true,"href":"https:\/\/www.europesays.com\/ee\/wp-json\/wp\/v2\/tags?post=159636"}],"curies":[{"name":"wp","href":"https:\/\/api.w.org\/{rel}","templated":true}]}}