{"id":159639,"date":"2026-04-22T06:42:09","date_gmt":"2026-04-22T06:42:09","guid":{"rendered":"https:\/\/www.europesays.com\/ee\/159639\/"},"modified":"2026-04-22T06:42:09","modified_gmt":"2026-04-22T06:42:09","slug":"skandaalne-komoodiaohtu-%e2%9f%a9-venno-loosaare-tagasitulek-lavale-pohjustas-sotsiaalmeedias-arutelu-sona-vottis-ka-minister-karmen-joller","status":"publish","type":"post","link":"https:\/\/www.europesays.com\/ee\/159639\/","title":{"rendered":"SKANDAALNE KOM\u00d6\u00d6DIA\u00d5HTU \u27e9 Venno Loosaare tagasitulek lavale p\u00f5hjustas sotsiaalmeedias arutelu, s\u00f5na v\u00f5ttis ka minister Karmen Joller"},"content":{"rendered":"<p>Meelelahutaja ja laste\u00fcrituste juht Venno Loosaar j\u00e4i 2021. aastal s\u00fc\u00fcdi alla 10-aastase t\u00fcdruku seksuaalses v\u00e4\u00e4rkohtlemises. N\u00e4itleja naasmine lavale Tartu kom\u00f6\u00f6dia\u00f5htul tekitab avalikku pahameelt: kriitikud leiavad, et lapse seksuaalses ahvatlemises s\u00fc\u00fcdi m\u00f5istetu ei peaks olema armastatud esineja. Ent sotsiaalminister Karmen Joller k\u00fcsib, et mida Loosaar siis tegema peaks.<\/p>\n","protected":false},"excerpt":{"rendered":"Meelelahutaja ja laste\u00fcrituste juht Venno Loosaar j\u00e4i 2021. aastal s\u00fc\u00fcdi alla 10-aastase t\u00fcdruku seksuaalses v\u00e4\u00e4rkohtlemises. N\u00e4itleja naasmine lavale&hellip;\n","protected":false},"author":2,"featured_media":159640,"comment_status":"","ping_status":"","sticky":false,"template":"","format":"standard","meta":{"footnotes":"","_share_on_mastodon":"0"},"categories":[16],"tags":[74970,74969,74975,37,33,35,173,34,36,74971,1793,5774,74974,74967,52804,16576,140,74977,12407,3201,30761,7692,74976,22854,74968,74973,74978,7878,74966,74972],"class_list":["post-159639","post","type-post","status-publish","format-standard","has-post-thumbnail","category-meelelahutus","tag-ain-varts","tag-aleksandri-pubi","tag-avalik-pahameel","tag-ee","tag-eesti","tag-eesti-keel","tag-entertainment","tag-estonia","tag-estonian","tag-kait-sinisalu","tag-karmen-joller","tag-kohtuotsus","tag-kurjategija-rehabilitatsioon","tag-lapse-seksuaalne-ahvatlemine","tag-laste-kaitse","tag-maria-murumaa-mengel","tag-meelelahutus","tag-meelelahutus-ja-eetika","tag-pedofiilia","tag-seksuaalkuriteod","tag-seksuaalne-vaarkohtlemine","tag-sepo-seeman","tag-sotsiaalmeedia-arutelu","tag-sotsiaalminister-karmen-joller","tag-tartu-komoodiaohtu","tag-tuhistamiskultuur","tag-uhiskondlik-hukkamoist","tag-venno-loosaar","tag-venno-loosaare-tagasitulek","tag-virginia-woolf-sind-ei-karda"],"share_on_mastodon":{"url":"","error":"Validation failed: Text character limit of 500 exceeded"},"_links":{"self":[{"href":"https:\/\/www.europesays.com\/ee\/wp-json\/wp\/v2\/posts\/159639","targetHints":{"allow":["GET"]}}],"collection":[{"href":"https:\/\/www.europesays.com\/ee\/wp-json\/wp\/v2\/posts"}],"about":[{"href":"https:\/\/www.europesays.com\/ee\/wp-json\/wp\/v2\/types\/post"}],"author":[{"embeddable":true,"href":"https:\/\/www.europesays.com\/ee\/wp-json\/wp\/v2\/users\/2"}],"replies":[{"embeddable":true,"href":"https:\/\/www.europesays.com\/ee\/wp-json\/wp\/v2\/comments?post=159639"}],"version-history":[{"count":0,"href":"https:\/\/www.europesays.com\/ee\/wp-json\/wp\/v2\/posts\/159639\/revisions"}],"wp:featuredmedia":[{"embeddable":true,"href":"https:\/\/www.europesays.com\/ee\/wp-json\/wp\/v2\/media\/159640"}],"wp:attachment":[{"href":"https:\/\/www.europesays.com\/ee\/wp-json\/wp\/v2\/media?parent=159639"}],"wp:term":[{"taxonomy":"category","embeddable":true,"href":"https:\/\/www.europesays.com\/ee\/wp-json\/wp\/v2\/categories?post=159639"},{"taxonomy":"post_tag","embeddable":true,"href":"https:\/\/www.europesays.com\/ee\/wp-json\/wp\/v2\/tags?post=159639"}],"curies":[{"name":"wp","href":"https:\/\/api.w.org\/{rel}","templated":true}]}}