{"id":159647,"date":"2026-04-22T06:46:06","date_gmt":"2026-04-22T06:46:06","guid":{"rendered":"https:\/\/www.europesays.com\/ee\/159647\/"},"modified":"2026-04-22T06:46:06","modified_gmt":"2026-04-22T06:46:06","slug":"solovjov-soimas-oma-saates-melonit-itaalia-kutsus-valja-venemaa-suursaadiku","status":"publish","type":"post","link":"https:\/\/www.europesays.com\/ee\/159647\/","title":{"rendered":"Solovjov s\u00f5imas oma saates Melonit. Itaalia kutsus v\u00e4lja Venemaa suursaadiku"},"content":{"rendered":"<p>\u201eIdiota patentata, una cattiva donnuccia, vergogna della razza umana,\u201c (umbes: \u201ePatenteeritud idioot, \u00f5el v\u00e4ike naine, inimrassi h\u00e4biplekk\u201c) kuulutas Solovjov itaalia keeles oma saates \u201ePoln\u00f5i kontakt\u201c (\u201eT\u00e4iskontakt\u201c) telekanalis Rossija 1, \u00f6eldes Meloni kohta veel \u201eGiorgia Putta Meloni\u201c (\u201eGiorgia Lits Meloni\u201c).<\/p>\n<p>\u201eEuroopa on alustanud s\u00f5da otse meie vastu, me oleme seda kuulnud otse [Saksamaa liidukantsleri Friedrich] Merzi avaldustest,\u201c j\u00e4tkas Solovjov juba vene keeles. Solovjovi s\u00f5nul on Meloni fa\u0161istlik v\u00e4rdjas, kes reetis oma valijad ja ka <a rel=\"noopener nofollow\" target=\"_blank\" href=\"https:\/\/www.delfi.ee\/teema\/22971743\/usa\" tag-id=\"22971743\">USA<\/a> presidendi <a rel=\"noopener nofollow\" target=\"_blank\" href=\"https:\/\/www.delfi.ee\/teema\/32758637\/donald-trump\" tag-id=\"32758637\">Donald Trumpi<\/a>.<\/p>\n<p>Itaalia v\u00e4lisminister <a rel=\"noopener nofollow\" target=\"_blank\" href=\"https:\/\/www.delfi.ee\/teema\/76977986\/antonio-tajani\" tag-id=\"76977986\">Antonio Tajani<\/a> teatas X-is, et kutsus Venemaa suursaadiku Aleksei Paramonovi v\u00e4lisministeeriumi, et avaldada ametlikku protesti.<\/p>\n<p>TASS-i teatel v\u00e4ljendas suursaadik h\u00e4mmeldust, et teda kutsutakse v\u00e4lisministeeriumi \u201etuntud Vene ajakirjaniku, kuigi isegi v\u00e4ga andeka ja rahva hulgas populaarse, s\u00f5nade p\u00e4rast, mis k\u00f5lasid tema enda erainternetikanalis\u201c.<\/p>\n<p>Solovjovi esinemise m\u00f5istsid Itaalias hukka isegi opositsioonierakonnad.<\/p>\n<p>Meloni ise kirjutas X-is, et \u201eneed karikatuurid ei pane meid kindlasti kurssi muutma\u201c ning \u201emeie kompass j\u00e4\u00e4b \u00fcheks ja ainsaks: Itaalia huvideks. Ja me j\u00e4tkame selle j\u00e4rgimist uhkusega propagandistide meeleh\u00e4rmiks siin ja seal\u201c.<\/p>\n<p>Kuidas see lugu Sind end tundma pani? Saada <a href=\"https:\/\/www.delfi.ee\/artikkel\/120570222\/solovjov-soimas-oma-saates-melonit-itaalia-kutsus-valja-venemaa-suursaadiku\/kommentaarid\" class=\"article-body-bottom__comment article-body-bottom__comment--write button button--primary button--size-auto\" rel=\"nofollow noopener\" target=\"_blank\"> Kommenteeri <\/a><a href=\"https:\/\/www.delfi.ee\/artikkel\/120570222\/solovjov-soimas-oma-saates-melonit-itaalia-kutsus-valja-venemaa-suursaadiku\/kommentaarid\" class=\"article-body-bottom__comment article-body-bottom__comment--read button button--size-auto\" rel=\"nofollow noopener\" target=\"_blank\"> Loe kommentaare (30)<\/a><\/p>\n","protected":false},"excerpt":{"rendered":"\u201eIdiota patentata, una cattiva donnuccia, vergogna della razza umana,\u201c (umbes: \u201ePatenteeritud idioot, \u00f5el v\u00e4ike naine, inimrassi h\u00e4biplekk\u201c) kuulutas&hellip;\n","protected":false},"author":2,"featured_media":159648,"comment_status":"","ping_status":"","sticky":false,"template":"","format":"standard","meta":{"footnotes":"","_share_on_mastodon":"0"},"categories":[12],"tags":[7011,26,27,324,37,33,35,34,36,31,32,1142,2368,21,109,28,29,19,25,2367,23,24,22,325,20,96,30,5072],"class_list":["post-159647","post","type-post","status-publish","format-standard","has-post-thumbnail","category-eesti","tag-antonio-tajani","tag-breaking-news","tag-breakingnews","tag-donald-trump","tag-ee","tag-eesti","tag-eesti-keel","tag-estonia","tag-estonian","tag-featured-news","tag-featurednews","tag-friedrich-merz","tag-giorgia-meloni","tag-headlines","tag-itaalia","tag-latest-news","tag-latestnews","tag-news","tag-populaarseimad-lood","tag-rooma","tag-top-stories","tag-topstories","tag-uldised-uudised","tag-usa","tag-uudised","tag-venemaa","tag-viimased-uudised","tag-vladimir-solovjov"],"share_on_mastodon":{"url":"https:\/\/pubeurope.com\/@ee\/116447017957615306","error":""},"_links":{"self":[{"href":"https:\/\/www.europesays.com\/ee\/wp-json\/wp\/v2\/posts\/159647","targetHints":{"allow":["GET"]}}],"collection":[{"href":"https:\/\/www.europesays.com\/ee\/wp-json\/wp\/v2\/posts"}],"about":[{"href":"https:\/\/www.europesays.com\/ee\/wp-json\/wp\/v2\/types\/post"}],"author":[{"embeddable":true,"href":"https:\/\/www.europesays.com\/ee\/wp-json\/wp\/v2\/users\/2"}],"replies":[{"embeddable":true,"href":"https:\/\/www.europesays.com\/ee\/wp-json\/wp\/v2\/comments?post=159647"}],"version-history":[{"count":0,"href":"https:\/\/www.europesays.com\/ee\/wp-json\/wp\/v2\/posts\/159647\/revisions"}],"wp:featuredmedia":[{"embeddable":true,"href":"https:\/\/www.europesays.com\/ee\/wp-json\/wp\/v2\/media\/159648"}],"wp:attachment":[{"href":"https:\/\/www.europesays.com\/ee\/wp-json\/wp\/v2\/media?parent=159647"}],"wp:term":[{"taxonomy":"category","embeddable":true,"href":"https:\/\/www.europesays.com\/ee\/wp-json\/wp\/v2\/categories?post=159647"},{"taxonomy":"post_tag","embeddable":true,"href":"https:\/\/www.europesays.com\/ee\/wp-json\/wp\/v2\/tags?post=159647"}],"curies":[{"name":"wp","href":"https:\/\/api.w.org\/{rel}","templated":true}]}}