{"id":159728,"date":"2026-04-22T08:43:10","date_gmt":"2026-04-22T08:43:10","guid":{"rendered":"https:\/\/www.europesays.com\/ee\/159728\/"},"modified":"2026-04-22T08:43:10","modified_gmt":"2026-04-22T08:43:10","slug":"brasiilia-muusik-marcos-valle-esineb-taas-eestis-muusika","status":"publish","type":"post","link":"https:\/\/www.europesays.com\/ee\/159728\/","title":{"rendered":"Brasiilia muusik Marcos Valle esineb taas Eestis | Muusika"},"content":{"rendered":"<p>8. mail astub Paavli kultuurivabrikus \u00fcles Brasiilia popmuusika legend Marcos Vallee, kes esines viimati Tallinnas 2024. aastal.<\/p>\n<p>Valle on Brasiilia muusikaajaloo \u00fcks olulisemaid heliloojaid ja laulukirjutajaid, kelle karj\u00e4\u00e4r on kestnud juba kuus aastak\u00fcmmet ja kes on selle aja jooksul teinud k\u00f5ike alates sambast ja bossast kuni Brasiilia ps\u00fchhedeelse levimuusika ja beach boogie&#8217;ni v\u00e4lja. Ta on teinud teiste hulgas koost\u00f6\u00f6d n\u00e4iteks Leon Ware&#8217;i, Sarah Vaughan ja ansambliga Chicago, tema muusikat on teiste hulgas s\u00e4mpeldanud Jay-Z, Kanye West, Childish Gambino, Madlib ja Kaytranada ning kaverdanud Frank Sinatra ja Bebel Gilberto.<\/p>\n<p>Jo\u00e3o Gilberto ja Antonio Carlos Jobimi j\u00e4lgedes bossa nova teise laine harjal alustanud Valle karj\u00e4\u00e4r algas 1960ndatel tema n\u00fc\u00fcdseks maailmakuulsa bossa nova standardiga &#8220;Samba de Verao (Summer Samba)&#8221;. Koos venna ja kauaaegse koost\u00f6\u00f6partneriga on see \u00fches looga &#8220;The Girl From Ipanema&#8221; \u00fcks enimtuntud Brasiilia p\u00e4ritolu lugusid.<\/p>\n<p>P\u00e4rast seda, kui bossa nova vaimustus 1970ndatel rauges, t\u00f6\u00f6tas Valle v\u00e4lja rafineerituma, jazziliku ja ps\u00fcheedeelsema Brasiilia levimuusika stiili, mis iseloomustab ka rida tema k\u00f5ige hinnatumatest albumitest &#8220;Marcos Valle&#8221; (1970), &#8220;Garra&#8221; (1971), &#8220;Vento Sul&#8221; (1972) ja &#8220;Previsao Do Tempo&#8221; (1974). Samal ajal tegi Valle ka filmi- ja telemuusikat.<\/p>\n<p>1970. aastate l\u00f5pus alustas Valle v\u00e4ga edukat koost\u00f6\u00f6d USA produtsendi ja laulja-laulukirjutaja Leon Ware&#8217;iga, kellega koos kirjutasid rea USA soul-muusika klassika- ja kultuslugusid, nagu &#8220;Rocking You Eternally&#8221; ja &#8220;Baby Don&#8217;t Stop Me&#8221;. Just koos Ware&#8217;iga s\u00fcndis aastaid hiljem ka Valle \u00fcks hittlugusid &#8220;Estrelar&#8221;. 90ndatel kaugenes Valle Brasiilia muusikaturust ja hakkas taas tegema filmi- ja telemuusikat.<\/p>\n","protected":false},"excerpt":{"rendered":"8. mail astub Paavli kultuurivabrikus \u00fcles Brasiilia popmuusika legend Marcos Vallee, kes esines viimati Tallinnas 2024. aastal. Valle&hellip;\n","protected":false},"author":2,"featured_media":159729,"comment_status":"","ping_status":"","sticky":false,"template":"","format":"standard","meta":{"footnotes":"","_share_on_mastodon":"0"},"categories":[16],"tags":[37,33,35,173,34,36,75017,140,3286],"class_list":["post-159728","post","type-post","status-publish","format-standard","has-post-thumbnail","category-meelelahutus","tag-ee","tag-eesti","tag-eesti-keel","tag-entertainment","tag-estonia","tag-estonian","tag-marcos-valle","tag-meelelahutus","tag-paavli-kultuurivabrik"],"share_on_mastodon":{"url":"https:\/\/pubeurope.com\/@ee\/116447478184854775","error":""},"_links":{"self":[{"href":"https:\/\/www.europesays.com\/ee\/wp-json\/wp\/v2\/posts\/159728","targetHints":{"allow":["GET"]}}],"collection":[{"href":"https:\/\/www.europesays.com\/ee\/wp-json\/wp\/v2\/posts"}],"about":[{"href":"https:\/\/www.europesays.com\/ee\/wp-json\/wp\/v2\/types\/post"}],"author":[{"embeddable":true,"href":"https:\/\/www.europesays.com\/ee\/wp-json\/wp\/v2\/users\/2"}],"replies":[{"embeddable":true,"href":"https:\/\/www.europesays.com\/ee\/wp-json\/wp\/v2\/comments?post=159728"}],"version-history":[{"count":0,"href":"https:\/\/www.europesays.com\/ee\/wp-json\/wp\/v2\/posts\/159728\/revisions"}],"wp:featuredmedia":[{"embeddable":true,"href":"https:\/\/www.europesays.com\/ee\/wp-json\/wp\/v2\/media\/159729"}],"wp:attachment":[{"href":"https:\/\/www.europesays.com\/ee\/wp-json\/wp\/v2\/media?parent=159728"}],"wp:term":[{"taxonomy":"category","embeddable":true,"href":"https:\/\/www.europesays.com\/ee\/wp-json\/wp\/v2\/categories?post=159728"},{"taxonomy":"post_tag","embeddable":true,"href":"https:\/\/www.europesays.com\/ee\/wp-json\/wp\/v2\/tags?post=159728"}],"curies":[{"name":"wp","href":"https:\/\/api.w.org\/{rel}","templated":true}]}}