{"id":159774,"date":"2026-04-22T09:38:09","date_gmt":"2026-04-22T09:38:09","guid":{"rendered":"https:\/\/www.europesays.com\/ee\/159774\/"},"modified":"2026-04-22T09:38:09","modified_gmt":"2026-04-22T09:38:09","slug":"princei-kumnendal-surma-aastapaeval-tehti-meile-suur-kingitus","status":"publish","type":"post","link":"https:\/\/www.europesays.com\/ee\/159774\/","title":{"rendered":"Prince&#8217;i k\u00fcmnendal surma-aastap\u00e4eval tehti meile suur kingitus"},"content":{"rendered":"<p>Roki- ja funkilegendi Prince&#8217;i surmast m\u00f6\u00f6dus eile, 21. aprillil, t\u00e4pselt k\u00fcmme aastat. Selle puhul pakutakse meile kuulamiseks \u00fcks pala Prince&#8217;i uskumatust avaldamata laulude arhiivist.<\/p>\n<p>V\u00e4rskelt avalikustatud imeline klaveriballaad on avaldatud laulja k\u00fcmnendal surma-aastap\u00e4eval. See v\u00f5ib \u00fchtlasi ilmuda uuel, \u00abseniavaldamata\u00bb Prince\u2019i albumil, mis antakse v\u00e4lja hiljem sel aastal.<\/p>\n","protected":false},"excerpt":{"rendered":"Roki- ja funkilegendi Prince&#8217;i surmast m\u00f6\u00f6dus eile, 21. aprillil, t\u00e4pselt k\u00fcmme aastat. Selle puhul pakutakse meile kuulamiseks \u00fcks&hellip;\n","protected":false},"author":2,"featured_media":159775,"comment_status":"","ping_status":"","sticky":false,"template":"","format":"standard","meta":{"footnotes":"","_share_on_mastodon":"0"},"categories":[16],"tags":[28657,37,33,35,173,34,36,3640,140,75028,39274,75027],"class_list":["post-159774","post","type-post","status-publish","format-standard","has-post-thumbnail","category-meelelahutus","tag-celine-dion","tag-ee","tag-eesti","tag-eesti-keel","tag-entertainment","tag-estonia","tag-estonian","tag-fentanuul","tag-meelelahutus","tag-paisley-park","tag-prince","tag-with-this-tear"],"share_on_mastodon":{"url":"https:\/\/pubeurope.com\/@ee\/116447694407149450","error":""},"_links":{"self":[{"href":"https:\/\/www.europesays.com\/ee\/wp-json\/wp\/v2\/posts\/159774","targetHints":{"allow":["GET"]}}],"collection":[{"href":"https:\/\/www.europesays.com\/ee\/wp-json\/wp\/v2\/posts"}],"about":[{"href":"https:\/\/www.europesays.com\/ee\/wp-json\/wp\/v2\/types\/post"}],"author":[{"embeddable":true,"href":"https:\/\/www.europesays.com\/ee\/wp-json\/wp\/v2\/users\/2"}],"replies":[{"embeddable":true,"href":"https:\/\/www.europesays.com\/ee\/wp-json\/wp\/v2\/comments?post=159774"}],"version-history":[{"count":0,"href":"https:\/\/www.europesays.com\/ee\/wp-json\/wp\/v2\/posts\/159774\/revisions"}],"wp:featuredmedia":[{"embeddable":true,"href":"https:\/\/www.europesays.com\/ee\/wp-json\/wp\/v2\/media\/159775"}],"wp:attachment":[{"href":"https:\/\/www.europesays.com\/ee\/wp-json\/wp\/v2\/media?parent=159774"}],"wp:term":[{"taxonomy":"category","embeddable":true,"href":"https:\/\/www.europesays.com\/ee\/wp-json\/wp\/v2\/categories?post=159774"},{"taxonomy":"post_tag","embeddable":true,"href":"https:\/\/www.europesays.com\/ee\/wp-json\/wp\/v2\/tags?post=159774"}],"curies":[{"name":"wp","href":"https:\/\/api.w.org\/{rel}","templated":true}]}}