{"id":159932,"date":"2026-04-22T12:40:35","date_gmt":"2026-04-22T12:40:35","guid":{"rendered":"https:\/\/www.europesays.com\/ee\/159932\/"},"modified":"2026-04-22T12:40:35","modified_gmt":"2026-04-22T12:40:35","slug":"lufthansa-tuhistab-kutuse-saastmiseks-20-000-luhimaa-lendu-valismaa","status":"publish","type":"post","link":"https:\/\/www.europesays.com\/ee\/159932\/","title":{"rendered":"Lufthansa t\u00fchistab k\u00fctuse s\u00e4\u00e4stmiseks 20 000 l\u00fchimaa lendu | V\u00e4lismaa"},"content":{"rendered":"<p>Lennukik\u00fctuse hind on Iraani s\u00f5ja t\u00f5ttu t\u00f5usnud ning Saksamaa lennufirma Lufthansa teatas, et t\u00fchistab 20 000 l\u00fchimaa lendu.<\/p>\n<p>Lufthansa teatel on lennukik\u00fctuse hinnad Iraani konflikti puhkemisest alates kahekordistunud. Lennufirma teatas, et esimesed 120 lendu t\u00fchistati esmasp\u00e4eval.<\/p>\n<p>20 000 t\u00fchistatud lendu m\u00f5jutavad Frankfurdi, M\u00fcncheni, Z\u00fcrichi, Viini, Br\u00fcsseli ja Rooma lennujaamu. Otsus kehtib oktoobri l\u00f5puni, uued lennuplaanid avaldatakse aprillis. Kontsern teatas siiski, et ettev\u00f5tte lennukik\u00fctuse varud on l\u00e4hikuudeks kindlustatud.<\/p>\n<p>Sarnastest meetmetest on teatanud ka teised lennufirmad. N\u00e4iteks P\u00f5hjamaade lennufirma SAS t\u00fchistas k\u00f5rgete k\u00fctusekulude t\u00f5ttu umbes tuhat lendu.<\/p>\n","protected":false},"excerpt":{"rendered":"Lennukik\u00fctuse hind on Iraani s\u00f5ja t\u00f5ttu t\u00f5usnud ning Saksamaa lennufirma Lufthansa teatas, et t\u00fchistab 20 000 l\u00fchimaa lendu.&hellip;\n","protected":false},"author":2,"featured_media":159933,"comment_status":"","ping_status":"","sticky":false,"template":"","format":"standard","meta":{"footnotes":"","_share_on_mastodon":"0"},"categories":[5],"tags":[26,27,37,33,35,34,36,31,32,21,28,29,1769,56500,4683,19,25,51,23,24,22,20,30],"class_list":["post-159932","post","type-post","status-publish","format-standard","has-post-thumbnail","category-uldised-uudised","tag-breaking-news","tag-breakingnews","tag-ee","tag-eesti","tag-eesti-keel","tag-estonia","tag-estonian","tag-featured-news","tag-featurednews","tag-headlines","tag-latest-news","tag-latestnews","tag-lennufirma","tag-lennukikutus","tag-lufthansa","tag-news","tag-populaarseimad-lood","tag-saksamaa","tag-top-stories","tag-topstories","tag-uldised-uudised","tag-uudised","tag-viimased-uudised"],"share_on_mastodon":{"url":"https:\/\/pubeurope.com\/@ee\/116448409978242649","error":""},"_links":{"self":[{"href":"https:\/\/www.europesays.com\/ee\/wp-json\/wp\/v2\/posts\/159932","targetHints":{"allow":["GET"]}}],"collection":[{"href":"https:\/\/www.europesays.com\/ee\/wp-json\/wp\/v2\/posts"}],"about":[{"href":"https:\/\/www.europesays.com\/ee\/wp-json\/wp\/v2\/types\/post"}],"author":[{"embeddable":true,"href":"https:\/\/www.europesays.com\/ee\/wp-json\/wp\/v2\/users\/2"}],"replies":[{"embeddable":true,"href":"https:\/\/www.europesays.com\/ee\/wp-json\/wp\/v2\/comments?post=159932"}],"version-history":[{"count":0,"href":"https:\/\/www.europesays.com\/ee\/wp-json\/wp\/v2\/posts\/159932\/revisions"}],"wp:featuredmedia":[{"embeddable":true,"href":"https:\/\/www.europesays.com\/ee\/wp-json\/wp\/v2\/media\/159933"}],"wp:attachment":[{"href":"https:\/\/www.europesays.com\/ee\/wp-json\/wp\/v2\/media?parent=159932"}],"wp:term":[{"taxonomy":"category","embeddable":true,"href":"https:\/\/www.europesays.com\/ee\/wp-json\/wp\/v2\/categories?post=159932"},{"taxonomy":"post_tag","embeddable":true,"href":"https:\/\/www.europesays.com\/ee\/wp-json\/wp\/v2\/tags?post=159932"}],"curies":[{"name":"wp","href":"https:\/\/api.w.org\/{rel}","templated":true}]}}