{"id":160080,"date":"2026-04-22T15:34:16","date_gmt":"2026-04-22T15:34:16","guid":{"rendered":"https:\/\/www.europesays.com\/ee\/160080\/"},"modified":"2026-04-22T15:34:16","modified_gmt":"2026-04-22T15:34:16","slug":"nadala-raamat-myko-loog-kallab-eesti-mehele-ollekest-krae-vahele","status":"publish","type":"post","link":"https:\/\/www.europesays.com\/ee\/160080\/","title":{"rendered":"N\u00c4DALA RAAMAT | Myko Loog kallab eesti mehele \u00f5llekest krae vahele"},"content":{"rendered":"<p>Siiski j\u00e4\u00e4b k\u00fcsimus, kes see on. K\u00f5ik guugli vasted annavad vastuseks sama, mis on ka raamatu tagakaanel: \u201eKirjanikunime \u201emykoloog\u201c taga peituv autor on kirjutanud juba k\u00fcmmekond aastat absurdimaigulisi vemmalvesteid ja iroonilisi laaste investeerimisportaali LHV foorumisse ja muudesse avalikesse veebikanalitesse; tema jutte on avaldanud kontrakultuuriportaal Ypsilon.\u201c Ait\u00e4h, ma isegi ei tea, mis on LHV foorum. Ilmselt on see LHV foorum, kus ma pole kunagi k\u00e4inud.<\/p>\n<p>Oled juba tellija?Logi sisse<\/p>\n<p><a href=\"https:\/\/kultuur.delfi.ee\/artikkel\/120569664\/nadala-raamat-myko-loog-kallab-eesti-mehele-ollekest-krae-vahele\/kommentaarid\" class=\"article-body-bottom__comment article-body-bottom__comment--write button button--primary button--size-auto\" rel=\"nofollow noopener\" target=\"_blank\"> Kommenteeri <\/a><a href=\"https:\/\/kultuur.delfi.ee\/artikkel\/120569664\/nadala-raamat-myko-loog-kallab-eesti-mehele-ollekest-krae-vahele\/kommentaarid\" class=\"article-body-bottom__comment article-body-bottom__comment--read button button--size-auto\" rel=\"nofollow noopener\" target=\"_blank\"> Loe kommentaare <\/a><\/p>\n","protected":false},"excerpt":{"rendered":"Siiski j\u00e4\u00e4b k\u00fcsimus, kes see on. K\u00f5ik guugli vasted annavad vastuseks sama, mis on ka raamatu tagakaanel: \u201eKirjanikunime&hellip;\n","protected":false},"author":2,"featured_media":160081,"comment_status":"","ping_status":"","sticky":false,"template":"","format":"standard","meta":{"footnotes":"","_share_on_mastodon":"0"},"categories":[14],"tags":[131,130,37,33,35,25225,34,36,75150,716],"class_list":["post-160080","post","type-post","status-publish","format-standard","has-post-thumbnail","category-ari","tag-ari","tag-business","tag-ee","tag-eesti","tag-eesti-keel","tag-eesti-kirjandus","tag-estonia","tag-estonian","tag-myko-loog","tag-valner-valme"],"share_on_mastodon":{"url":"https:\/\/pubeurope.com\/@ee\/116449094098669180","error":""},"_links":{"self":[{"href":"https:\/\/www.europesays.com\/ee\/wp-json\/wp\/v2\/posts\/160080","targetHints":{"allow":["GET"]}}],"collection":[{"href":"https:\/\/www.europesays.com\/ee\/wp-json\/wp\/v2\/posts"}],"about":[{"href":"https:\/\/www.europesays.com\/ee\/wp-json\/wp\/v2\/types\/post"}],"author":[{"embeddable":true,"href":"https:\/\/www.europesays.com\/ee\/wp-json\/wp\/v2\/users\/2"}],"replies":[{"embeddable":true,"href":"https:\/\/www.europesays.com\/ee\/wp-json\/wp\/v2\/comments?post=160080"}],"version-history":[{"count":0,"href":"https:\/\/www.europesays.com\/ee\/wp-json\/wp\/v2\/posts\/160080\/revisions"}],"wp:featuredmedia":[{"embeddable":true,"href":"https:\/\/www.europesays.com\/ee\/wp-json\/wp\/v2\/media\/160081"}],"wp:attachment":[{"href":"https:\/\/www.europesays.com\/ee\/wp-json\/wp\/v2\/media?parent=160080"}],"wp:term":[{"taxonomy":"category","embeddable":true,"href":"https:\/\/www.europesays.com\/ee\/wp-json\/wp\/v2\/categories?post=160080"},{"taxonomy":"post_tag","embeddable":true,"href":"https:\/\/www.europesays.com\/ee\/wp-json\/wp\/v2\/tags?post=160080"}],"curies":[{"name":"wp","href":"https:\/\/api.w.org\/{rel}","templated":true}]}}