{"id":160204,"date":"2026-04-22T18:51:07","date_gmt":"2026-04-22T18:51:07","guid":{"rendered":"https:\/\/www.europesays.com\/ee\/160204\/"},"modified":"2026-04-22T18:51:07","modified_gmt":"2026-04-22T18:51:07","slug":"kagu-eesti-metsadest-voib-juba-leida-murkleid-eesti","status":"publish","type":"post","link":"https:\/\/www.europesays.com\/ee\/160204\/","title":{"rendered":"Kagu-Eesti metsadest v\u00f5ib juba leida m\u00fcrkleid | Eesti"},"content":{"rendered":"<p>Kagu-Eesti metsades on juba leida k\u00e4rjelise k\u00fcbaraga m\u00fcrkleid ehk morelle, mida peetakse maitsvaks kevadseeneks.<\/p>\n<p>Kuna seenegurmaanide jaoks on kevadine seenehooaeg alanud, siis ka L\u00e4ti piiri \u00e4\u00e4res Paganamaal elav Marje M\u00fcrk, kes tunneb oma kodukandi seenemetsi v\u00e4ga h\u00e4sti, ei pea palju vaeva n\u00e4gema,\u00a0 et leida \u00fcles m\u00fcrklite kasvukoht.\u00a0<\/p>\n<p>&#8220;M\u00fcrklitega on nii, et sa ei l\u00e4he neid metsa otsima kasvukoha j\u00e4rgi, vaid sa leiad koha ja j\u00e4tad meelde, sest nad kasvavad seal mitmeid aastaid. Vaadata tasuks tee\u00e4\u00e4ri, metsa\u00e4\u00e4ri, langi\u00e4\u00e4ri. V\u00e4ga maitsvad seened, minu arvates j\u00e4tkuvalt maailma k\u00f5ige maitsvamad\u00a0, ja neid ei pea kupatama, ja nad on nii puhtad, et neid ei pea pesema,&#8221; lausus seenehuviline Marje M\u00fcrk. \u00a0<\/p>\n<p>Kui sa kirjeldaksid nende maitset?<\/p>\n<p>&#8220;Ma \u00fctleksingi, et neil on m\u00fcrkli maitse, mis on \u00e4\u00e4retult hea ja kui sa pole proovinud, siis sa ei saagi teada. V\u00f5rreldakse ka tr\u00fchvliga, aga ma ei ole tr\u00fchvlit s\u00f6\u00f6nud ja ei oska seda kinnitada,&#8221; \u00fctles M\u00fcrk. \u00a0<\/p>\n<p>Selleks, et m\u00fcrklid ja ka teised kevadseened saaksid paremini kasvada, oleks vaja\u00a0 rohkem vihma,\u00a0<\/p>\n<p>&#8220;Kevadseentele tegelikult jahe ilm meeldib, sest nemad ei kannata p\u00f5uda, mis meil praegu on. Nad on tundlikud p\u00e4ikesep\u00f5letusele, k\u00fclma nad \u00fclearu ei pelga, eelmise aasta m\u00fcrklid siinsamas kohas natuke heina sees. Aga lagedal elasid ka miinus \u00fcheksa kraadi \u00fcle ja polnud neil h\u00e4da midagi,&#8221; lausus M\u00fcrk. \u00a0<\/p>\n","protected":false},"excerpt":{"rendered":"Kagu-Eesti metsades on juba leida k\u00e4rjelise k\u00fcbaraga m\u00fcrkleid ehk morelle, mida peetakse maitsvaks kevadseeneks. Kuna seenegurmaanide jaoks on&hellip;\n","protected":false},"author":2,"featured_media":160205,"comment_status":"","ping_status":"","sticky":false,"template":"","format":"standard","meta":{"footnotes":"","_share_on_mastodon":"0"},"categories":[18],"tags":[37,33,35,34,36,75188,11592,159,158],"class_list":["post-160204","post","type-post","status-publish","format-standard","has-post-thumbnail","category-sport","tag-ee","tag-eesti","tag-eesti-keel","tag-estonia","tag-estonian","tag-murklid","tag-seened","tag-sport","tag-sports"],"share_on_mastodon":{"url":"https:\/\/pubeurope.com\/@ee\/116449868719827651","error":""},"_links":{"self":[{"href":"https:\/\/www.europesays.com\/ee\/wp-json\/wp\/v2\/posts\/160204","targetHints":{"allow":["GET"]}}],"collection":[{"href":"https:\/\/www.europesays.com\/ee\/wp-json\/wp\/v2\/posts"}],"about":[{"href":"https:\/\/www.europesays.com\/ee\/wp-json\/wp\/v2\/types\/post"}],"author":[{"embeddable":true,"href":"https:\/\/www.europesays.com\/ee\/wp-json\/wp\/v2\/users\/2"}],"replies":[{"embeddable":true,"href":"https:\/\/www.europesays.com\/ee\/wp-json\/wp\/v2\/comments?post=160204"}],"version-history":[{"count":0,"href":"https:\/\/www.europesays.com\/ee\/wp-json\/wp\/v2\/posts\/160204\/revisions"}],"wp:featuredmedia":[{"embeddable":true,"href":"https:\/\/www.europesays.com\/ee\/wp-json\/wp\/v2\/media\/160205"}],"wp:attachment":[{"href":"https:\/\/www.europesays.com\/ee\/wp-json\/wp\/v2\/media?parent=160204"}],"wp:term":[{"taxonomy":"category","embeddable":true,"href":"https:\/\/www.europesays.com\/ee\/wp-json\/wp\/v2\/categories?post=160204"},{"taxonomy":"post_tag","embeddable":true,"href":"https:\/\/www.europesays.com\/ee\/wp-json\/wp\/v2\/tags?post=160204"}],"curies":[{"name":"wp","href":"https:\/\/api.w.org\/{rel}","templated":true}]}}