{"id":160206,"date":"2026-04-22T18:53:29","date_gmt":"2026-04-22T18:53:29","guid":{"rendered":"https:\/\/www.europesays.com\/ee\/160206\/"},"modified":"2026-04-22T18:53:29","modified_gmt":"2026-04-22T18:53:29","slug":"liina-vahtrik-elumuutusest-parast-ungarlasest-abikaasaga-kohtumist-minu-maailm-laks-mitu-korda-suuremaks-2","status":"publish","type":"post","link":"https:\/\/www.europesays.com\/ee\/160206\/","title":{"rendered":"Liina Vahtrik elumuutusest p\u00e4rast ungarlasest abikaasaga kohtumist: minu maailm l\u00e4ks mitu korda suuremaks"},"content":{"rendered":"<p>\u201eMinu maailm l\u00e4ks mitu korda suuremaks. Sinna mahub n\u00fc\u00fcd palju reisimist, rohkem kui kunagi varem,\u201c kirjeldab Liina, kuidas tema elu on p\u00e4rast Istv\u00e1niga kohtumist muutunud. Tema ellu on tulnud ka palju ungari kultuuri ja inimesi, esperantiste \u00fcle kogu maailma ja elu Luksemburgis. <\/p>\n<p>Nende l\u00e4hem l\u00e4bisaamine sai alguse kirjavahetusest, mis oli esialgu t\u00f6\u00f6teemaline korrespondents ja l\u00e4ks Liina s\u00f5nul aina s\u00fcgavamaks. \u201eMa arvan, et hetkel, kui Istv\u00e1n hakkas mulle ladinakeelset luulet saatma, olin ma m\u00fc\u00fcdud,\u201c meenutab ta. <\/p>\n<p>Liina r\u00e4\u00e4kis oma abiellumisest l\u00e4hemalt <a rel=\"noopener follow nofollow\" target=\"_blank\" href=\"https:\/\/kroonika.delfi.ee\/artikkel\/120224375\/fotod-see-kolab-nagu-muinasjutt-liina-vahtrik-laks-mehele\" data-rel-date-range=\"[]\">Kroonikale 2023. aasta augustis<\/a>. Abieluranda olid nad s\u00f5udnud pool aastat varem ning n\u00e4itleja kannab dokumentides nime Liina Ertl. N\u00e4itlejat\u00f6\u00f6d teeb ta oma endise perekonnanime all. <\/p>\n<p>Liina s\u00f5nul peeti veebruaris pulmad v\u00e4ikeses pereringis, pulmareisi sihtkohaks valiti imeline Itaalia. \u201eArmastus on tohutu,\u201c \u00fctles Liina siis, kuid muud \u00fcksikasjad oma uue elu kohta j\u00e4ttis ta enda teada.<\/p>\n<p>Varem on n\u00e4itlejanna <a rel=\"noopener follow nofollow\" target=\"_blank\" href=\"https:\/\/lp.delfi.ee\/artikkel\/120045564\/liina-vahtrik-just-soja-ajal-tuleb-armastada-abielluda-lapsi-saada\" data-rel-date-range=\"[]\">v\u00e4ljaandele LP<\/a> antud usutluses r\u00e4\u00e4kinud, et nad tutvusid koroonapandeemia ajal, kui temaga v\u00f5ttis \u00fchendust Luksemburgis elav t\u00f5lkija Istv\u00e1n Ertl. Ta oli teada saanud etendusest \u201eDoktor Esperanto\u201c, millele Liina kirjutas teksti, ning esperantistina tundis Istv\u00e1n selle vastu huvi.<\/p>\n<p>\u201eAlustasime kirjavahetust, kuni j\u00e4rsku tundus, et v\u00f5iksime ka kokku saada. Kohtusime Varssavis, edasi s\u00f5itsime Rooma, siis Budapesti, siis Luksemburgi, siis Klaip\u0117dasse, siis Barcelonasse&#8230; See k\u00f5lab nagu muinasjutt,\u201c jagas Liina muljeid.<\/p>\n<p>See on Liinale teine abielu. Aastaid tagasi oli tema abikaasa Andre Vahtrik. P\u00e4rast abikaasa surma elas Liina pikalt n\u00e4itleja Jan Uusp\u00f5lluga, hiljem kunsti- ja teatrikriitik Anders H\u00e4rmiga. Liinal on t\u00fctar Reti Maria Vahtrik ja poeg Johannes H\u00e4rm.<\/p>\n<p>Kuidas see lugu Sind end tundma pani? Saada <a href=\"https:\/\/kroonika.delfi.ee\/artikkel\/120570232\/liina-vahtrik-elumuutusest-parast-ungarlasest-abikaasaga-kohtumist-minu-maailm-laks-mitu-korda-suuremaks\/kommentaarid\" class=\"article-body-bottom__comment article-body-bottom__comment--write button button--primary button--size-auto\" rel=\"nofollow noopener\" target=\"_blank\"> Kommenteeri <\/a><a href=\"https:\/\/kroonika.delfi.ee\/artikkel\/120570232\/liina-vahtrik-elumuutusest-parast-ungarlasest-abikaasaga-kohtumist-minu-maailm-laks-mitu-korda-suuremaks\/kommentaarid\" class=\"article-body-bottom__comment article-body-bottom__comment--read button button--size-auto\" rel=\"nofollow noopener\" target=\"_blank\"> Loe kommentaare (33)<\/a><\/p>\n","protected":false},"excerpt":{"rendered":"\u201eMinu maailm l\u00e4ks mitu korda suuremaks. Sinna mahub n\u00fc\u00fcd palju reisimist, rohkem kui kunagi varem,\u201c kirjeldab Liina, kuidas&hellip;\n","protected":false},"author":2,"featured_media":159832,"comment_status":"","ping_status":"","sticky":false,"template":"","format":"standard","meta":{"footnotes":"","_share_on_mastodon":"0"},"categories":[80],"tags":[26,27,37,33,35,34,36,31,32,21,28,29,20367,1983,95,19,25,23,24,22,20,30,92,93,94],"class_list":["post-160206","post","type-post","status-publish","format-standard","has-post-thumbnail","category-maailm","tag-breaking-news","tag-breakingnews","tag-ee","tag-eesti","tag-eesti-keel","tag-estonia","tag-estonian","tag-featured-news","tag-featurednews","tag-headlines","tag-latest-news","tag-latestnews","tag-liina-vahtrik","tag-luksemburg","tag-maailm","tag-news","tag-populaarseimad-lood","tag-top-stories","tag-topstories","tag-uldised-uudised","tag-uudised","tag-viimased-uudised","tag-world","tag-world-news","tag-worldnews"],"share_on_mastodon":{"url":"https:\/\/pubeurope.com\/@ee\/116449876746914382","error":""},"_links":{"self":[{"href":"https:\/\/www.europesays.com\/ee\/wp-json\/wp\/v2\/posts\/160206","targetHints":{"allow":["GET"]}}],"collection":[{"href":"https:\/\/www.europesays.com\/ee\/wp-json\/wp\/v2\/posts"}],"about":[{"href":"https:\/\/www.europesays.com\/ee\/wp-json\/wp\/v2\/types\/post"}],"author":[{"embeddable":true,"href":"https:\/\/www.europesays.com\/ee\/wp-json\/wp\/v2\/users\/2"}],"replies":[{"embeddable":true,"href":"https:\/\/www.europesays.com\/ee\/wp-json\/wp\/v2\/comments?post=160206"}],"version-history":[{"count":0,"href":"https:\/\/www.europesays.com\/ee\/wp-json\/wp\/v2\/posts\/160206\/revisions"}],"wp:featuredmedia":[{"embeddable":true,"href":"https:\/\/www.europesays.com\/ee\/wp-json\/wp\/v2\/media\/159832"}],"wp:attachment":[{"href":"https:\/\/www.europesays.com\/ee\/wp-json\/wp\/v2\/media?parent=160206"}],"wp:term":[{"taxonomy":"category","embeddable":true,"href":"https:\/\/www.europesays.com\/ee\/wp-json\/wp\/v2\/categories?post=160206"},{"taxonomy":"post_tag","embeddable":true,"href":"https:\/\/www.europesays.com\/ee\/wp-json\/wp\/v2\/tags?post=160206"}],"curies":[{"name":"wp","href":"https:\/\/api.w.org\/{rel}","templated":true}]}}