{"id":160233,"date":"2026-04-22T19:57:07","date_gmt":"2026-04-22T19:57:07","guid":{"rendered":"https:\/\/www.europesays.com\/ee\/160233\/"},"modified":"2026-04-22T19:57:07","modified_gmt":"2026-04-22T19:57:07","slug":"kalju-purustustoo-arhitekt-andrejev-see-oli-vastus-paide-kaotusele-postimees-sport","status":"publish","type":"post","link":"https:\/\/www.europesays.com\/ee\/160233\/","title":{"rendered":"Kalju purustust\u00f6\u00f6 arhitekt Andrejev: see oli vastus Paide kaotusele &#8211; Postimees Sport"},"content":{"rendered":"<ol>\n<li><a href=\"https:\/\/news.google.com\/rss\/articles\/CBMiowFBVV95cUxNNUxsaUlTYi1YQUtvWnBnaTVUUDRtWmZLOVpiejFYWWd4emRvTU5SMC1JcGdvR1k1VE13eGhoWHRMSFE5VHo0QkROQ3hqOGFyakFGZDBjNHRaSWR1UmV6SDZSTnF3RUxzSmttM0RJQ3JiaXRnTzgyOXI4RWFNWWl1WG5LLV8tb3BzcE9jTldqYlNNNXZncjRaWU5sdk1IS25mZm04?oc=5\" target=\"_blank\" rel=\"nofollow noopener\">Kalju purustust\u00f6\u00f6 arhitekt Andrejev: see oli vastus Paide kaotusele<\/a>&nbsp;&nbsp;Postimees Sport<\/li>\n<li><a href=\"https:\/\/news.google.com\/rss\/articles\/CBMinwFBVV95cUxNT0pCSmdhMVlnbmhkeTd5Q2NRbE42X3ZNTkVKOS1BTWdjTEkxNGFaY2Z1YmViTWdFem9BUXgzWjR0LVdnRFBMU2VSd2NVVHBNaGlwYTNWOTFqbFh6bW9TRWRlZXpCY0JZdkFScFZ6Y1JLY1c1bVlZUk44cUMzcTFINXdkaFlMRVg4VV9JbUJuNzdOMEpKZXEzXzNENHRCWmc?oc=5\" target=\"_blank\" rel=\"nofollow noopener\">VAATA J\u00c4RELE: seitse v\u00e4ravat l\u00f6\u00f6nud Kalju pani Unitedi v\u00f5imsalt paika<\/a>&nbsp;&nbsp;Soccernet.ee<\/li>\n<li><a href=\"https:\/\/news.google.com\/rss\/articles\/CBMiogFBVV95cUxQUjljeE93SWtyTV92cUs4Ukx2RWFRMzd0WnlLT2VkV1doLTJ0ejdobjE4R3g1eXZPbmItbmMweEJ6SkR3RUFORldXMnBTNjhUMVNhUTR5cjRROC1iYmM4cE1ZLThlV3JKRmYxYXlxY0gwTktsU05kc0tLWUJOcFJJNWxnTG16dF9MWHhyaklVNnNVOVBBX2FvdUwyZUJES2hIUVE?oc=5\" target=\"_blank\" rel=\"nofollow noopener\">S\u00f6\u00f6tudest k\u00fcbara meisterdanud Siht: ideaalne polnud, aga l\u00f5ime h\u00e4sti \u00e4ra (Beglari\u0161vili: ise teeme laste vigu!)<\/a>&nbsp;&nbsp;Soccernet.ee<\/li>\n<li><a href=\"https:\/\/news.google.com\/rss\/articles\/CBMiygFBVV95cUxOdFIyaE42bXY0ZHFCQTg0NTRwUVlwWlBQUDB4SlM0aW9qeVo2dXRXM2NDSXg4R1lnSUlYb2VJM2s0QXB0Sko0OFZpQWw0QV9wZmtGeFFRZjJVb09uOUU5ZkEzaFhjRllBQnVkRl9CYzRkaFVjR1pQTkthNU13RFNpbTZJcUt3aVRZYUdZeFR0ZTBxbG4tc3Q1STVIMGZFWFplVlZyYXJKczJWWnZTU3djNS1XTVR2ODRfWlpDZlN3N0hZWGJ4a2gzNklB?oc=5\" target=\"_blank\" rel=\"nofollow noopener\">T\u00c4NA OTSEPILT: kas tunamullu Kaljule hambaid n\u00e4idanud United suudab sama hooaja esimeses N\u00f5mme derbis? (kell 18.45!)<\/a>&nbsp;&nbsp;Soccernet.ee<\/li>\n<\/ol>\n","protected":false},"excerpt":{"rendered":"Kalju purustust\u00f6\u00f6 arhitekt Andrejev: see oli vastus Paide kaotusele&nbsp;&nbsp;Postimees Sport VAATA J\u00c4RELE: seitse v\u00e4ravat l\u00f6\u00f6nud Kalju pani Unitedi&hellip;\n","protected":false},"author":2,"featured_media":160234,"comment_status":"","ping_status":"","sticky":false,"template":"","format":"standard","meta":{"footnotes":"","_share_on_mastodon":"0"},"categories":[18],"tags":[962,75194,37,33,35,34,36,5366,14712,1592,13390,1359,1813,4735,159,158,10341],"class_list":["post-160233","post","type-post","status-publish","format-standard","has-post-thumbnail","category-sport","tag-bogdan-vastsuk","tag-daniil-tarassenkov","tag-ee","tag-eesti","tag-eesti-keel","tag-estonia","tag-estonian","tag-mattias-mannilaan","tag-mihhail-orlov","tag-nikita-andrejev","tag-nikita-ivanov","tag-nomme-kalju","tag-nomme-united","tag-rommi-siht","tag-sport","tag-sports","tag-zakaria-beglarisvili"],"share_on_mastodon":{"url":"https:\/\/pubeurope.com\/@ee\/116450128411148991","error":""},"_links":{"self":[{"href":"https:\/\/www.europesays.com\/ee\/wp-json\/wp\/v2\/posts\/160233","targetHints":{"allow":["GET"]}}],"collection":[{"href":"https:\/\/www.europesays.com\/ee\/wp-json\/wp\/v2\/posts"}],"about":[{"href":"https:\/\/www.europesays.com\/ee\/wp-json\/wp\/v2\/types\/post"}],"author":[{"embeddable":true,"href":"https:\/\/www.europesays.com\/ee\/wp-json\/wp\/v2\/users\/2"}],"replies":[{"embeddable":true,"href":"https:\/\/www.europesays.com\/ee\/wp-json\/wp\/v2\/comments?post=160233"}],"version-history":[{"count":0,"href":"https:\/\/www.europesays.com\/ee\/wp-json\/wp\/v2\/posts\/160233\/revisions"}],"wp:featuredmedia":[{"embeddable":true,"href":"https:\/\/www.europesays.com\/ee\/wp-json\/wp\/v2\/media\/160234"}],"wp:attachment":[{"href":"https:\/\/www.europesays.com\/ee\/wp-json\/wp\/v2\/media?parent=160233"}],"wp:term":[{"taxonomy":"category","embeddable":true,"href":"https:\/\/www.europesays.com\/ee\/wp-json\/wp\/v2\/categories?post=160233"},{"taxonomy":"post_tag","embeddable":true,"href":"https:\/\/www.europesays.com\/ee\/wp-json\/wp\/v2\/tags?post=160233"}],"curies":[{"name":"wp","href":"https:\/\/api.w.org\/{rel}","templated":true}]}}