{"id":160333,"date":"2026-04-22T23:18:11","date_gmt":"2026-04-22T23:18:11","guid":{"rendered":"https:\/\/www.europesays.com\/ee\/160333\/"},"modified":"2026-04-22T23:18:11","modified_gmt":"2026-04-22T23:18:11","slug":"wp-pentagoni-hinnangul-voib-hormuzi-vaina-miinidest-puhastamine-votta-aega-pool-aastat","status":"publish","type":"post","link":"https:\/\/www.europesays.com\/ee\/160333\/","title":{"rendered":"WP: Pentagoni hinnangul v\u00f5ib Hormuzi v\u00e4ina miinidest puhastamine v\u00f5tta aega pool aastat"},"content":{"rendered":"<p>Hormuzi v\u00e4ina ja selle \u00fcmbrusesse v\u00f5ib olla paigutatud 20 v\u00f5i enam miini, millest osad paigutati kaugjuhtimise teel GPS-tehnoloogia abil, muutes seel\u00e4bi miinide tuvastamise oluliselt raskemaks, \u00f6eldi Pentagoni poolt kongressile edastatud salajases materjalis.<\/p>\n<p>Pentagoni hinnang valmistas seadusandjatele pettumust, andes m\u00e4rku v\u00f5imalusest, et s\u00f5ja m\u00f5ju majandusele, sealhulgas k\u00f5rgenenud nafta ja bensiini hinnad, v\u00f5ib kesta veel pikalt.<\/p>\n<p>Arutelu Hormuzi v\u00e4ina paigutatud miinide \u00fcle ei ole uus. USA president <a rel=\"noopener nofollow\" target=\"_blank\" href=\"https:\/\/www.delfi.ee\/teema\/32758637\/donald-trump\" tag-id=\"32758637\">Donald Trump<\/a> on v\u00e4itnud, et Iraan on miine eemaldamas ja et enamik Iraani miiniveeskajaid on USA r\u00fcnnakutes h\u00e4vitatud.<\/p>\n<p>Iraan on eitanud miinide paigutamist Hormuzi v\u00e4ina, nimetades s\u00fc\u00fcdistusi USA propagandaks. Samas on Iraani riigimeedia teatanud, et Iraani revolutsiooniline kaardiv\u00e4gi v\u00e4ljastas kaardid veeteel ohutuks liiklemiseks.<\/p>\n<p>Esimesed teated Iraani poolt v\u00e4ina paigutatud miinide kohta ilmusid m\u00e4rtsi alguses. Toona v\u00e4itsid USA ametnikud, et p\u00e4rast suuremate s\u00f5jalaevade uputamist kasutati miinide veeskamiseks v\u00e4ikelaevu.<\/p>\n<p>Pentagon ei vastanud WP kommentaaripalvele, USA keskv\u00e4ejuhatus keeldus kommentaaridest ja Valge Maja suunas p\u00e4ringu Pentagonile.<\/p>\n<p>Kuidas see lugu Sind end tundma pani? Saada <a href=\"https:\/\/www.delfi.ee\/artikkel\/120570455\/wp-pentagoni-hinnangul-voib-hormuzi-vaina-miinidest-puhastamine-votta-aega-pool-aastat\/kommentaarid\" class=\"article-body-bottom__comment article-body-bottom__comment--write button button--primary button--size-auto\" rel=\"nofollow noopener\" target=\"_blank\"> Kommenteeri <\/a><a href=\"https:\/\/www.delfi.ee\/artikkel\/120570455\/wp-pentagoni-hinnangul-voib-hormuzi-vaina-miinidest-puhastamine-votta-aega-pool-aastat\/kommentaarid\" class=\"article-body-bottom__comment article-body-bottom__comment--read button button--size-auto\" rel=\"nofollow noopener\" target=\"_blank\"> Loe kommentaare (1)<\/a><\/p>\n","protected":false},"excerpt":{"rendered":"Hormuzi v\u00e4ina ja selle \u00fcmbrusesse v\u00f5ib olla paigutatud 20 v\u00f5i enam miini, millest osad paigutati kaugjuhtimise teel GPS-tehnoloogia&hellip;\n","protected":false},"author":2,"featured_media":160334,"comment_status":"","ping_status":"","sticky":false,"template":"","format":"standard","meta":{"footnotes":"","_share_on_mastodon":"0"},"categories":[80],"tags":[26,27,324,37,33,35,34,36,31,32,21,46527,1925,28,29,95,19,460,25,23,24,22,20,30,32010,92,93,94],"class_list":["post-160333","post","type-post","status-publish","format-standard","has-post-thumbnail","category-maailm","tag-breaking-news","tag-breakingnews","tag-donald-trump","tag-ee","tag-eesti","tag-eesti-keel","tag-estonia","tag-estonian","tag-featured-news","tag-featurednews","tag-headlines","tag-hormuzi-vain","tag-iraan","tag-latest-news","tag-latestnews","tag-maailm","tag-news","tag-pentagon","tag-populaarseimad-lood","tag-top-stories","tag-topstories","tag-uldised-uudised","tag-uudised","tag-viimased-uudised","tag-washington-post","tag-world","tag-world-news","tag-worldnews"],"share_on_mastodon":{"url":"https:\/\/pubeurope.com\/@ee\/116450918587148292","error":""},"_links":{"self":[{"href":"https:\/\/www.europesays.com\/ee\/wp-json\/wp\/v2\/posts\/160333","targetHints":{"allow":["GET"]}}],"collection":[{"href":"https:\/\/www.europesays.com\/ee\/wp-json\/wp\/v2\/posts"}],"about":[{"href":"https:\/\/www.europesays.com\/ee\/wp-json\/wp\/v2\/types\/post"}],"author":[{"embeddable":true,"href":"https:\/\/www.europesays.com\/ee\/wp-json\/wp\/v2\/users\/2"}],"replies":[{"embeddable":true,"href":"https:\/\/www.europesays.com\/ee\/wp-json\/wp\/v2\/comments?post=160333"}],"version-history":[{"count":0,"href":"https:\/\/www.europesays.com\/ee\/wp-json\/wp\/v2\/posts\/160333\/revisions"}],"wp:featuredmedia":[{"embeddable":true,"href":"https:\/\/www.europesays.com\/ee\/wp-json\/wp\/v2\/media\/160334"}],"wp:attachment":[{"href":"https:\/\/www.europesays.com\/ee\/wp-json\/wp\/v2\/media?parent=160333"}],"wp:term":[{"taxonomy":"category","embeddable":true,"href":"https:\/\/www.europesays.com\/ee\/wp-json\/wp\/v2\/categories?post=160333"},{"taxonomy":"post_tag","embeddable":true,"href":"https:\/\/www.europesays.com\/ee\/wp-json\/wp\/v2\/tags?post=160333"}],"curies":[{"name":"wp","href":"https:\/\/api.w.org\/{rel}","templated":true}]}}