{"id":160427,"date":"2026-04-23T04:58:08","date_gmt":"2026-04-23T04:58:08","guid":{"rendered":"https:\/\/www.europesays.com\/ee\/160427\/"},"modified":"2026-04-23T04:58:08","modified_gmt":"2026-04-23T04:58:08","slug":"fotod-kas-tunned-ara-michael-jacksoni-poeg-ilmus-avalikkuse-ette","status":"publish","type":"post","link":"https:\/\/www.europesays.com\/ee\/160427\/","title":{"rendered":"FOTOD | Kas tunned \u00e4ra? Michael Jacksoni poeg ilmus avalikkuse ette"},"content":{"rendered":"<p>Laulja Michael Jacksonist r\u00e4\u00e4kiva filmi \u201eMichael\u201c esilinastus toimus esmasp\u00e4eval Los Angeleses. Kohal oli ka lahkunud laulja osad pereliikmed, nende seas poeg Prince Jackson (29).<\/p>\n<p>Esilinastusel poseerisid punasel vaibal ka Michael Jacksoni \u00f5ed-vennad Jackie Jackson (74), La Toya Jackson (69), Marlon Jackson (69) ja Jermaine Jackson (71).<\/p>\n<p><img decoding=\"async\" src=\"https:\/\/www.europesays.com\/ee\/wp-content\/uploads\/2026\/04\/6f154d2e-5147-4ea9-a275-39d9f2c2bde3.jpg\" loading=\"lazy\" alt=\"Jackie, La Toya, Prince, Jermaine ja Marlon Jackson filmi esilinastusel.\"\/><\/p>\n<p>Jermaine\u2019i poeg Jaafar Jackson (29) m\u00e4ngib filmis peaosat\u00e4itjat.<\/p>\n<p><img decoding=\"async\" src=\"https:\/\/www.europesays.com\/ee\/wp-content\/uploads\/2026\/04\/db979dd1-3ce0-429e-8bfd-d716a105cb3a.jpg\" loading=\"lazy\" alt=\"Prince ja Jaafar Jackson filmi esilinastusel.\"\/><\/p>\n<p>\u00dcks k\u00f5igi aegade edukamaid artiste Michael Jackson suri 2009. aastal. Ta oli 50-aastane.<\/p>\n<p>Ka teised Jacksoni \u00f5ed-vennad on muusikud. Michael, Jackie, Jermaine, Marlon, Randy ja Tito Jackson (kes suri 2024. aastal), moodustasid 1964. aastal loodud eduka b\u00e4ndi The Jackson 5. <\/p>\n<p>Kuidas see lugu Sind end tundma pani? Saada <a href=\"https:\/\/kroonika.delfi.ee\/artikkel\/120570461\/fotod-kas-tunned-ara-michael-jacksoni-poeg-ilmus-avalikkuse-ette\/kommentaarid\" class=\"article-body-bottom__comment article-body-bottom__comment--write button button--primary button--size-auto\" rel=\"nofollow noopener\" target=\"_blank\"> Kommenteeri <\/a><a href=\"https:\/\/kroonika.delfi.ee\/artikkel\/120570461\/fotod-kas-tunned-ara-michael-jacksoni-poeg-ilmus-avalikkuse-ette\/kommentaarid\" class=\"article-body-bottom__comment article-body-bottom__comment--read button button--size-auto\" rel=\"nofollow noopener\" target=\"_blank\"> Loe kommentaare (1)<\/a><\/p>\n","protected":false},"excerpt":{"rendered":"Laulja Michael Jacksonist r\u00e4\u00e4kiva filmi \u201eMichael\u201c esilinastus toimus esmasp\u00e4eval Los Angeleses. Kohal oli ka lahkunud laulja osad pereliikmed,&hellip;\n","protected":false},"author":2,"featured_media":160428,"comment_status":"","ping_status":"","sticky":false,"template":"","format":"standard","meta":{"footnotes":"","_share_on_mastodon":"0"},"categories":[16],"tags":[37,33,35,173,34,36,140,18610],"class_list":["post-160427","post","type-post","status-publish","format-standard","has-post-thumbnail","category-meelelahutus","tag-ee","tag-eesti","tag-eesti-keel","tag-entertainment","tag-estonia","tag-estonian","tag-meelelahutus","tag-michael-jackson"],"share_on_mastodon":{"url":"https:\/\/pubeurope.com\/@ee\/116452255887766942","error":""},"_links":{"self":[{"href":"https:\/\/www.europesays.com\/ee\/wp-json\/wp\/v2\/posts\/160427","targetHints":{"allow":["GET"]}}],"collection":[{"href":"https:\/\/www.europesays.com\/ee\/wp-json\/wp\/v2\/posts"}],"about":[{"href":"https:\/\/www.europesays.com\/ee\/wp-json\/wp\/v2\/types\/post"}],"author":[{"embeddable":true,"href":"https:\/\/www.europesays.com\/ee\/wp-json\/wp\/v2\/users\/2"}],"replies":[{"embeddable":true,"href":"https:\/\/www.europesays.com\/ee\/wp-json\/wp\/v2\/comments?post=160427"}],"version-history":[{"count":0,"href":"https:\/\/www.europesays.com\/ee\/wp-json\/wp\/v2\/posts\/160427\/revisions"}],"wp:featuredmedia":[{"embeddable":true,"href":"https:\/\/www.europesays.com\/ee\/wp-json\/wp\/v2\/media\/160428"}],"wp:attachment":[{"href":"https:\/\/www.europesays.com\/ee\/wp-json\/wp\/v2\/media?parent=160427"}],"wp:term":[{"taxonomy":"category","embeddable":true,"href":"https:\/\/www.europesays.com\/ee\/wp-json\/wp\/v2\/categories?post=160427"},{"taxonomy":"post_tag","embeddable":true,"href":"https:\/\/www.europesays.com\/ee\/wp-json\/wp\/v2\/tags?post=160427"}],"curies":[{"name":"wp","href":"https:\/\/api.w.org\/{rel}","templated":true}]}}