{"id":160440,"date":"2026-04-23T05:12:09","date_gmt":"2026-04-23T05:12:09","guid":{"rendered":"https:\/\/www.europesays.com\/ee\/160440\/"},"modified":"2026-04-23T05:12:09","modified_gmt":"2026-04-23T05:12:09","slug":"iraan-hormuzi-vaina-avamine-ei-ole-voimalik-usa-soja-lopetamisele-ei-ole-ajaraamistikku","status":"publish","type":"post","link":"https:\/\/www.europesays.com\/ee\/160440\/","title":{"rendered":"Iraan: Hormuzi v\u00e4ina avamine ei ole v\u00f5imalik. USA: s\u00f5ja l\u00f5petamisele ei ole ajaraamistikku"},"content":{"rendered":"<p>Ghalibaf teatas X-is, et rikkumised h\u00f5lmavad USA mereblokaadi, mis Ghalibafi s\u00f5nul kujutab endast maailma majanduse pantvangi v\u00f5tmist, ja Iisraeli s\u00f5ja\u00f5hutamist k\u00f5igil rinnetel, vahendab BBC News.<\/p>\n<p>Iraani president <a rel=\"noopener nofollow\" target=\"_blank\" href=\"https:\/\/www.delfi.ee\/teema\/96862295\/masoud-pezeshkian\" tag-id=\"96862295\">Masoud Pezeshkian<\/a> \u00fctles, et Iraan on l\u00e4bir\u00e4\u00e4kimistele avatud, aga lisas, et peamised takistused t\u00f5elistele l\u00e4bir\u00e4\u00e4kimistele on kohustuste rikkumine, blokaad ja \u00e4hvardused.<\/p>\n<p>USA president <a rel=\"noopener nofollow\" target=\"_blank\" href=\"https:\/\/www.delfi.ee\/teema\/32758637\/donald-trump\" tag-id=\"32758637\">Donald Trump<\/a> teatas teisip\u00e4eval eile l\u00f5ppema pidanud relvarahu pikendamisest.<\/p>\n<p>Leavitt selgitas hiljem, et Trumpi pikendus on avatud l\u00f5puga ja sellel ei ole t\u00e4htaega. Leavitt lisas, et Trump on USA mereblokaadiga Iraani vastu rahul ja leiab, et Iraan on v\u00e4ga n\u00f5rgas seisus.<\/p>\n<p>\u201eKaardid on praegu president Trumpi k\u00e4es,\u201c \u00fctles Leavitt.<\/p>\n<p>Ajakirjanike k\u00fcsimusele, millal s\u00f5da l\u00f5peb, vastas Leavitt, et see on Trumpi otsustada ning ta teeb seda, kui tunneb, et see on \u00dchendriikide ja Ameerika rahva parimates huvides.<\/p>\n<p>Leavitt \u00fctles, et ajakava puudumine lubab Iraani pragmaatikutel tulla v\u00e4lja rahuettepanekuga ilma k\u00e4remeelsete segamiseta.<\/p>\n<p>Eile teatas Iraan, et pidas Hormuzi v\u00e4inas kaks kaubalaeva kinni inspekteerimiseks. Enne seda oli teatatud kolme kaubalaeva r\u00fcndamisest v\u00e4inas.<\/p>\n<p>Leavitt \u00fctles, et USA ei pea kahe laeva arestimist Iraani poolt relvarahu rikkumiseks.<\/p>\n<p>Kuidas see lugu Sind end tundma pani? Saada <a href=\"https:\/\/www.delfi.ee\/artikkel\/120570465\/iraan-hormuzi-vaina-avamine-ei-ole-voimalik-usa-soja-lopetamisele-ei-ole-ajaraamistikku\/kommentaarid\" class=\"article-body-bottom__comment article-body-bottom__comment--write button button--primary button--size-auto\" rel=\"nofollow noopener\" target=\"_blank\"> Kommenteeri <\/a><a href=\"https:\/\/www.delfi.ee\/artikkel\/120570465\/iraan-hormuzi-vaina-avamine-ei-ole-voimalik-usa-soja-lopetamisele-ei-ole-ajaraamistikku\/kommentaarid\" class=\"article-body-bottom__comment article-body-bottom__comment--read button button--size-auto\" rel=\"nofollow noopener\" target=\"_blank\"> Loe kommentaare (4)<\/a><\/p>\n","protected":false},"excerpt":{"rendered":"Ghalibaf teatas X-is, et rikkumised h\u00f5lmavad USA mereblokaadi, mis Ghalibafi s\u00f5nul kujutab endast maailma majanduse pantvangi v\u00f5tmist, ja&hellip;\n","protected":false},"author":2,"featured_media":160441,"comment_status":"","ping_status":"","sticky":false,"template":"","format":"standard","meta":{"footnotes":"","_share_on_mastodon":"0"},"categories":[80],"tags":[26,27,324,37,33,35,34,36,31,32,21,46527,619,1925,3303,28,29,95,37106,19,25,23,24,22,325,20,1177,30,92,93,94],"class_list":["post-160440","post","type-post","status-publish","format-standard","has-post-thumbnail","category-maailm","tag-breaking-news","tag-breakingnews","tag-donald-trump","tag-ee","tag-eesti","tag-eesti-keel","tag-estonia","tag-estonian","tag-featured-news","tag-featurednews","tag-headlines","tag-hormuzi-vain","tag-iisrael","tag-iraan","tag-karoline-leavitt","tag-latest-news","tag-latestnews","tag-maailm","tag-masoud-pezeshkian","tag-news","tag-populaarseimad-lood","tag-top-stories","tag-topstories","tag-uldised-uudised","tag-usa","tag-uudised","tag-valge-maja-usa","tag-viimased-uudised","tag-world","tag-world-news","tag-worldnews"],"share_on_mastodon":{"url":"https:\/\/pubeurope.com\/@ee\/116452310887706590","error":""},"_links":{"self":[{"href":"https:\/\/www.europesays.com\/ee\/wp-json\/wp\/v2\/posts\/160440","targetHints":{"allow":["GET"]}}],"collection":[{"href":"https:\/\/www.europesays.com\/ee\/wp-json\/wp\/v2\/posts"}],"about":[{"href":"https:\/\/www.europesays.com\/ee\/wp-json\/wp\/v2\/types\/post"}],"author":[{"embeddable":true,"href":"https:\/\/www.europesays.com\/ee\/wp-json\/wp\/v2\/users\/2"}],"replies":[{"embeddable":true,"href":"https:\/\/www.europesays.com\/ee\/wp-json\/wp\/v2\/comments?post=160440"}],"version-history":[{"count":0,"href":"https:\/\/www.europesays.com\/ee\/wp-json\/wp\/v2\/posts\/160440\/revisions"}],"wp:featuredmedia":[{"embeddable":true,"href":"https:\/\/www.europesays.com\/ee\/wp-json\/wp\/v2\/media\/160441"}],"wp:attachment":[{"href":"https:\/\/www.europesays.com\/ee\/wp-json\/wp\/v2\/media?parent=160440"}],"wp:term":[{"taxonomy":"category","embeddable":true,"href":"https:\/\/www.europesays.com\/ee\/wp-json\/wp\/v2\/categories?post=160440"},{"taxonomy":"post_tag","embeddable":true,"href":"https:\/\/www.europesays.com\/ee\/wp-json\/wp\/v2\/tags?post=160440"}],"curies":[{"name":"wp","href":"https:\/\/api.w.org\/{rel}","templated":true}]}}