{"id":160453,"date":"2026-04-23T05:24:08","date_gmt":"2026-04-23T05:24:08","guid":{"rendered":"https:\/\/www.europesays.com\/ee\/160453\/"},"modified":"2026-04-23T05:24:08","modified_gmt":"2026-04-23T05:24:08","slug":"endine-erk-i-esimees-silver-kuusik-liitus-keskerakonnaga-eesti","status":"publish","type":"post","link":"https:\/\/www.europesays.com\/ee\/160453\/","title":{"rendered":"Endine ERK-i esimees Silver Kuusik liitus Keskerakonnaga | Eesti"},"content":{"rendered":"<p>Endine erakonna Eesti Rahvuslased ja Konservatiivid (ERK) esimees Silver Kuusik liitus Keskerakonnaga. Teist korda Keskerakonda astunud Kuusiku s\u00f5nul on otsus kantud v\u00e4\u00e4rtustest, mis haakuvad erakonna poliitilise suunaga.<\/p>\n<p>Viimastel riigikogu valimistel kogus Kuusik Tartus EKRE ridades 829 h\u00e4\u00e4lt, kuid riigikokku ei p\u00e4\u00e4senud.<\/p>\n<p>EKRE-st lahkus Kuusik 2024. aasta suvel erakonna siset\u00fcli ajal. Ta on kuulunud Tartu volikokku. Samuti on Kuusik kuulunud Keskerakonda, kokku \u00fcle k\u00fcmne aasta.<\/p>\n<p>Kuusik r\u00f5hutas liitumise \u00fche p\u00f5hjusena ka Eesti poliitilist reaalsust. &#8220;Olen n\u00e4inud, et v\u00e4iksemas erakonnas v\u00f5ivad p\u00f5him\u00f5tted olla \u00f5iged, kuid reaalsus on see, et sisuliste muutuste elluviimiseks on vaja suuremat kandepinda. T\u00e4na on just suurtel erakondadel v\u00f5imalus Eesti elu p\u00e4riselt m\u00f5jutada,&#8221; selgitas ta.<\/p>\n<p>Lisaks poliitilisele tegevusele tegutseb Kuusik kortermajade tehnilise konsultandina.<\/p>\n<p>Veebruaris teatas ERK, et Kuusik taandus esimehe ametikohalt tervislikel p\u00f5hjustel.<\/p>\n<p>ERK loodi 2024. aastal p\u00e4rast EKRE-s lahvatanud siset\u00fcli.<\/p>\n","protected":false},"excerpt":{"rendered":"Endine erakonna Eesti Rahvuslased ja Konservatiivid (ERK) esimees Silver Kuusik liitus Keskerakonnaga. Teist korda Keskerakonda astunud Kuusiku s\u00f5nul&hellip;\n","protected":false},"author":2,"featured_media":160454,"comment_status":"","ping_status":"","sticky":false,"template":"","format":"standard","meta":{"footnotes":"","_share_on_mastodon":"0"},"categories":[12],"tags":[26,27,37,33,35,729,3494,34,36,31,32,21,819,28,29,19,25,15083,249,23,24,22,20,30],"class_list":["post-160453","post","type-post","status-publish","format-standard","has-post-thumbnail","category-eesti","tag-breaking-news","tag-breakingnews","tag-ee","tag-eesti","tag-eesti-keel","tag-ekre","tag-erk","tag-estonia","tag-estonian","tag-featured-news","tag-featurednews","tag-headlines","tag-keskerakond","tag-latest-news","tag-latestnews","tag-news","tag-populaarseimad-lood","tag-silver-kuusik","tag-tartu","tag-top-stories","tag-topstories","tag-uldised-uudised","tag-uudised","tag-viimased-uudised"],"share_on_mastodon":{"url":"https:\/\/pubeurope.com\/@ee\/116452358024690557","error":""},"_links":{"self":[{"href":"https:\/\/www.europesays.com\/ee\/wp-json\/wp\/v2\/posts\/160453","targetHints":{"allow":["GET"]}}],"collection":[{"href":"https:\/\/www.europesays.com\/ee\/wp-json\/wp\/v2\/posts"}],"about":[{"href":"https:\/\/www.europesays.com\/ee\/wp-json\/wp\/v2\/types\/post"}],"author":[{"embeddable":true,"href":"https:\/\/www.europesays.com\/ee\/wp-json\/wp\/v2\/users\/2"}],"replies":[{"embeddable":true,"href":"https:\/\/www.europesays.com\/ee\/wp-json\/wp\/v2\/comments?post=160453"}],"version-history":[{"count":0,"href":"https:\/\/www.europesays.com\/ee\/wp-json\/wp\/v2\/posts\/160453\/revisions"}],"wp:featuredmedia":[{"embeddable":true,"href":"https:\/\/www.europesays.com\/ee\/wp-json\/wp\/v2\/media\/160454"}],"wp:attachment":[{"href":"https:\/\/www.europesays.com\/ee\/wp-json\/wp\/v2\/media?parent=160453"}],"wp:term":[{"taxonomy":"category","embeddable":true,"href":"https:\/\/www.europesays.com\/ee\/wp-json\/wp\/v2\/categories?post=160453"},{"taxonomy":"post_tag","embeddable":true,"href":"https:\/\/www.europesays.com\/ee\/wp-json\/wp\/v2\/tags?post=160453"}],"curies":[{"name":"wp","href":"https:\/\/api.w.org\/{rel}","templated":true}]}}