{"id":160505,"date":"2026-04-23T06:28:10","date_gmt":"2026-04-23T06:28:10","guid":{"rendered":"https:\/\/www.europesays.com\/ee\/160505\/"},"modified":"2026-04-23T06:28:10","modified_gmt":"2026-04-23T06:28:10","slug":"merz-uritab-kaitsta-saksa-toostust-el-i-kliimapoliitika-eest-valismaa","status":"publish","type":"post","link":"https:\/\/www.europesays.com\/ee\/160505\/","title":{"rendered":"Merz \u00fcritab kaitsta Saksa t\u00f6\u00f6stust EL-i kliimapoliitika eest | V\u00e4lismaa"},"content":{"rendered":"<p>Euroopas kasvavad pinged selle \u00fcle, kuidas lahendada \u00fchtaegu nii s\u00fcvenevat energiakriisi kui ka globaalset soojenemist ning Saksamaa kantsler Friedrich Merz hoiatas, et kliimameetmed ei tohi ohustada t\u00f6\u00f6stusbaasi.<\/p>\n<p>Merz osales Petersbergi kliimadialoogis, igal aastal Berliinis toimuval k\u00f5rgetasemelisel poliitilisel kohtumisel. Mitmed osalejad leidsid, et L\u00e4his-Ida s\u00f5jast tingitud energiakriis on veelgi suurendanud vajadust v\u00e4hendada s\u00f5ltuvust fossiilk\u00fctustest, vahendas <a href=\"https:\/\/www.ft.com\/content\/4e825074-bc4e-4569-ad8a-42141bca3e66\" target=\"_blank\" rel=\"noopener nofollow\">Financial Times<\/a>.<\/p>\n<p>Merz \u00fctles samas, et Saksamaa tunnistab kliimamuutuste t\u00f5sidust, kuid tema s\u00f5nul tuleb toetada ka t\u00f6\u00f6stust.\u00a0<\/p>\n<p>&#8220;Kliimakaitse ei tohi ohustada t\u00f6\u00f6stusbaasi Saksamaal ja meie teistes riikides. Deindustrialiseerimisele viiv \u00fcmberkujundamine ei leia rahva seas heakskiitu. Ja see takistab l\u00f5puks innovatsiooni,&#8221; m\u00e4rkis Merz.\u00a0<\/p>\n<p>Merzi m\u00e4rkused tulevad ajal, mil Itaalia avaldab survet EL-i heitmekaubanduse s\u00fcsteemile (ETS). ETS on EL-i rohelise tegevuskava keskmes ja sunnib suuri saastajaid ostma lubasid oma heitkoguste katmiseks. Selline s\u00fcsteem julgustab t\u00f6\u00f6stusharusid liikuma dekarbonseerimise poole, andes v\u00e4lja tasuta krediite, mida j\u00e4rk-j\u00e4rgult v\u00e4hendatakse.\u00a0<\/p>\n<p>Itaalia t\u00f6\u00f6stusminister Adolfo Urso kutsus EL-i \u00fcles pigem k\u00fclmutama energiamahukatele t\u00f6\u00f6stusharudele eraldatavate tasuta kvootide arvu kui seda v\u00e4hendama.<\/p>\n<p>Merz ise \u00fctles, et ETS on\u00a0 Saksamaa ja Euroopa kliimapoliitika keskne element. Ta leidis, et EL peaks s\u00e4ilitama heitkogustega kauplemise s\u00fcsteemi (ETS), kuid muutma selle sobivamaks, kohandades seda eelseisvate l\u00e4bivaatamiste k\u00e4igus, mis peaksid keskenduma t\u00f6\u00f6stuse konkurentsiv\u00f5ime s\u00e4ilitamisele.<\/p>\n<p>ETS-i\u00a0 s\u00fcsteemi l\u00e4bivaatamine peaks toimuma sel suvel. V\u00f5imalikud muudatused peaksid siis v\u00e4hendama s\u00fcsinikukvoodi hinnak\u00f5ikumisi ja hinnat\u00f5usu.<\/p>\n<p>Berliinis toimuv tippkohtumine on osa igal aastal toimuvatest rahvusvahelistest kliimak\u00f5nelustest. Sellest v\u00f5tavad osa ka rahvusvaheliste organisatsioonide juhid ning Berliini kogunemisele saadetud videos\u00f5numis \u00fctles \u00dcRO peasekret\u00e4r Antonio Guterres, et L\u00e4his-Ida s\u00f5da on toonud kaasa p\u00f5lvkonna k\u00f5ige t\u00f5sisema energiakriisi.<\/p>\n<p>&#8220;Fossiilk\u00fctused mitte ainult ei h\u00e4vita meie planeeti, nad hoiavad majandust pantvangis. Me peame energiakriisile reageerima ilma kliimakriisi s\u00fcvendamata,&#8221; r\u00e4\u00e4kis Guterres.<\/p>\n","protected":false},"excerpt":{"rendered":"Euroopas kasvavad pinged selle \u00fcle, kuidas lahendada \u00fchtaegu nii s\u00fcvenevat energiakriisi kui ka globaalset soojenemist ning Saksamaa kantsler&hellip;\n","protected":false},"author":2,"featured_media":160506,"comment_status":"","ping_status":"","sticky":false,"template":"","format":"standard","meta":{"footnotes":"","_share_on_mastodon":"0"},"categories":[14],"tags":[131,130,37,33,35,34,36,590,1142,4326,51,392,795],"class_list":["post-160505","post","type-post","status-publish","format-standard","has-post-thumbnail","category-ari","tag-ari","tag-business","tag-ee","tag-eesti","tag-eesti-keel","tag-estonia","tag-estonian","tag-euroopa-liit","tag-friedrich-merz","tag-kliima","tag-saksamaa","tag-toostus","tag-uro"],"share_on_mastodon":{"url":"https:\/\/pubeurope.com\/@ee\/116452609632001741","error":""},"_links":{"self":[{"href":"https:\/\/www.europesays.com\/ee\/wp-json\/wp\/v2\/posts\/160505","targetHints":{"allow":["GET"]}}],"collection":[{"href":"https:\/\/www.europesays.com\/ee\/wp-json\/wp\/v2\/posts"}],"about":[{"href":"https:\/\/www.europesays.com\/ee\/wp-json\/wp\/v2\/types\/post"}],"author":[{"embeddable":true,"href":"https:\/\/www.europesays.com\/ee\/wp-json\/wp\/v2\/users\/2"}],"replies":[{"embeddable":true,"href":"https:\/\/www.europesays.com\/ee\/wp-json\/wp\/v2\/comments?post=160505"}],"version-history":[{"count":0,"href":"https:\/\/www.europesays.com\/ee\/wp-json\/wp\/v2\/posts\/160505\/revisions"}],"wp:featuredmedia":[{"embeddable":true,"href":"https:\/\/www.europesays.com\/ee\/wp-json\/wp\/v2\/media\/160506"}],"wp:attachment":[{"href":"https:\/\/www.europesays.com\/ee\/wp-json\/wp\/v2\/media?parent=160505"}],"wp:term":[{"taxonomy":"category","embeddable":true,"href":"https:\/\/www.europesays.com\/ee\/wp-json\/wp\/v2\/categories?post=160505"},{"taxonomy":"post_tag","embeddable":true,"href":"https:\/\/www.europesays.com\/ee\/wp-json\/wp\/v2\/tags?post=160505"}],"curies":[{"name":"wp","href":"https:\/\/api.w.org\/{rel}","templated":true}]}}