{"id":16052,"date":"2025-10-10T06:42:08","date_gmt":"2025-10-10T06:42:08","guid":{"rendered":"https:\/\/www.europesays.com\/ee\/16052\/"},"modified":"2025-10-10T06:42:08","modified_gmt":"2025-10-10T06:42:08","slug":"kaupade-eksport-vahenes-import-samal-ajal-kasvas-peamine-impordipartner-oli-eesti-jaoks-lati","status":"publish","type":"post","link":"https:\/\/www.europesays.com\/ee\/16052\/","title":{"rendered":"Kaupade eksport v\u00e4henes, import samal ajal kasvas. Peamine impordipartner oli Eesti jaoks L\u00e4ti"},"content":{"rendered":"<p>Luminor Eest pea\u00f6konomisti Lenno Uusk\u00fcla s\u00f5nul on <a rel=\"noopener nofollow\" target=\"_blank\" href=\"https:\/\/www.delfi.ee\/teema\/31122441\/eesti\" tag-id=\"31122441\">Eesti<\/a> kaupade eksport kiratsenud viimased kolm aastat, peale seda kui koroona ajal oli meie kaupade n\u00f5udlus suur, sest rahvusvahelised kaubavood olid takistatud.<\/p>\n<p>\u201eEksporti takistab nii v\u00e4ike n\u00f5udlus meie peamistes sihtriikides, kuid aastatega ei ole toimunud ka m\u00e4rkimisv\u00e4\u00e4rset kohanemist ja turgude \u00fcmbervaatamist,\u201c m\u00e4rkis Uusk\u00fcla. \u201eVahepeal on kasvanud aga Eesti ettev\u00f5tete kulud rohkem kui meie olulistel konkurentidel. Nii on viimsed kolm aastat olnud Eesti eksport sisuliselt samal tasemel.\u201c<\/p>\n<p>V\u00e4ljavaade ekspordile pole optimistlik<\/p>\n<p>Eesti eksport kasvab <a rel=\"noopener nofollow\" target=\"_blank\" href=\"https:\/\/www.delfi.ee\/teema\/23101691\/taani\" tag-id=\"23101691\">Taani<\/a>, <a rel=\"noopener nofollow\" target=\"_blank\" href=\"https:\/\/www.delfi.ee\/teema\/45648173\/norra\" tag-id=\"45648173\">Norra<\/a>, <a rel=\"noopener nofollow\" target=\"_blank\" href=\"https:\/\/www.delfi.ee\/teema\/23754953\/poola\" tag-id=\"23754953\">Poola<\/a> ja <a rel=\"noopener nofollow\" target=\"_blank\" href=\"https:\/\/www.delfi.ee\/teema\/28034759\/leedu\" tag-id=\"28034759\">Leedu<\/a> suunal. Samas kui <a rel=\"noopener nofollow\" target=\"_blank\" href=\"https:\/\/www.delfi.ee\/teema\/25259589\/soome\" tag-id=\"25259589\">Soome<\/a>, <a rel=\"noopener nofollow\" target=\"_blank\" href=\"https:\/\/www.delfi.ee\/teema\/23421559\/rootsi\" tag-id=\"23421559\">Rootsi<\/a> ja <a rel=\"noopener nofollow\" target=\"_blank\" href=\"https:\/\/www.delfi.ee\/teema\/26016109\/lati\" tag-id=\"26016109\">L\u00e4ti<\/a> suunaline eksport kiratseb. \u201eAastaga on kasvanud transpordivahendite ja tekstiili eksport. Paber, mineraalsed tooted ja metall on olnud aga languses,\u201c t\u00e4psustas Uusk\u00fcla.<\/p>\n<p>V\u00e4ljavaade Eesti kaupade ekspordile ei ole Uusk\u00fcla hinnangul v\u00e4ga optimistlik. \u201eM\u00f5ningast t\u00f5usu v\u00f5ib oodata, kui Soome ja Rootsi hakkavad rohkem ehitama, kuid ka siis v\u00f5ivad nad osta oma sisendid m\u00e4rksa odavamast ja uues geopoliitilises olukorras logistiliselt paremas positsioonis Poolast,\u201c arvas ta. \u201eIseeneslikku ekspordi kasvu on tulemas v\u00e4he.\u201c<\/p>\n<p>Uusk\u00fcla nentis, et Euroopa konkurentsipoliitika on muutunud ning riigid toetavad oma suure potentsiaaliga ettev\u00f5tteid, mis saavad siis parema positsiooni rahvusvaheliselt. \u201eVahepeal on Eesti ettev\u00f5tted ka suhteliselt v\u00e4he investeerinud ning nende v\u00f5ime tehnoloogiaga kaasas k\u00e4ia on pigem n\u00f5rgapoolne.\u201c<\/p>\n<p>Kaubavahetuse puuduj\u00e4\u00e4k kasvas<\/p>\n<p>Statistikaamet andis teada, et jooksevhindades eksporditi kaupu enam kui 1,4 miljardi ja imporditi ligi 1,7 miljardi euro eest. Kaubavahetuse puuduj\u00e4\u00e4k oli 264 miljonit eurot, mis on 63 miljonit eurot rohkem kui aasta varem.<\/p>\n<p>Statistikaameti v\u00e4liskaubanduse tiimi anal\u00fc\u00fctiku Allan <a rel=\"noopener nofollow\" target=\"_blank\" href=\"https:\/\/www.delfi.ee\/teema\/80108726\/aron\" tag-id=\"80108726\">Aroni<\/a> s\u00f5nul v\u00e4henes kaupade eksport aastases v\u00f5rdluses viimati 2024. aasta augustis. \u201eEkspordi kahanemist m\u00f5jutas selle aasta augustis enim v\u00e4ljaveo v\u00e4henemine Euroopa Liidu v\u00e4listesse riikidesse. Eksport liikmesriikidesse k\u00fcll kasvas 3%, kuid liiduv\u00e4listesse riikidesse kahanes lausa 16%,\u201c kommenteeris anal\u00fc\u00fctik.<\/p>\n<p>\u201eEuroopa Liidu v\u00e4listest riikidest v\u00e4henes eksport oluliselt nii <a rel=\"noopener nofollow\" target=\"_blank\" href=\"https:\/\/www.delfi.ee\/teema\/24645751\/ameerika\" tag-id=\"24645751\">Ameerika<\/a> \u00dchendriikidesse, \u00dchendkuningriiki kui ka Venemaale. Ameerika \u00dchendriikidesse kahanes enim elektriseadmete, \u00dchendkuningriiki puidu ja puittoodete ning Venemaale masinate ja mehaaniliste seadmete v\u00e4ljavedu,\u201c lisas Aron.<\/p>\n<p>Augustis eksporditi enim elektriseadmeid<\/p>\n<p>Augustis eksporditi kaupadest k\u00f5ige rohkem elektriseadmeid (15% koguekspordist), p\u00f5llumajandussaaduseid ja toidukaupu (12%), puitu ja puittooteid (10%) ning transpordivahendeid (10%). V\u00f5rreldes mulluse augustiga v\u00e4henes enim mineraalsete toodete (24 miljoni euro v\u00f5rra ehk 15%) ning metalli ja metallitoodete (14 miljoni euro v\u00f5rra ehk 11%) v\u00e4ljavedu Eestist. Enim kasvas transpordivahendite eksport (14 miljoni euro v\u00f5rra ehk 11%).<\/p>\n<p>Peamised sihtriigid olid augustis Soome (16% koguekspordist), L\u00e4ti (11%), Rootsi (9%) ja Leedu (9%). Soome ja Rootsi eksporditi k\u00f5ige rohkem elektriseadmeid ning L\u00e4tti ja Leetu transpordivahendeid. V\u00f5rreldes eelmise aasta augustiga v\u00e4henes kaupade v\u00e4ljavedu enim L\u00e4tti (28 miljoni euro v\u00f5rra), Hollandisse (22 miljoni euro v\u00f5rra) ja Ameerika \u00dchendriikidesse (20 miljoni euro v\u00f5rra).<\/p>\n<p>L\u00e4tti ja Hollandisse kahanes k\u00f5ige rohkem mineraalsete toodete eksport. Enim suurenes kaupade v\u00e4ljavedu Singapuri (31 miljoni euro v\u00f5rra), kuhu veeti rohkem mineraalseid tooteid.<\/p>\n<p>Eesti p\u00e4ritoluga kaubad moodustasid augustis 65% koguekspordist ja nende v\u00e4ljavedu j\u00e4i v\u00f5rreldes eelmise aastaga samale tasemele. Kaupade reeksport ehk imporditud kaupade taasv\u00e4ljavedu v\u00e4henes 6%.<\/p>\n<p>Peamiselt imporditi L\u00e4tist, Soomest, Saksamaalt ja Leedust<\/p>\n<p>Enim imporditi augustis elektriseadmeid (15% koguimpordist), p\u00f5llumajandussaaduseid ja toidukaupu (13%), transpordivahendeid (11%) ning mineraalseid tooteid (11%). Aastases v\u00f5rdluses kasvas k\u00f5ige rohkem elektriseadmete (30 miljoni euro v\u00f5rra ehk 14%) ning v\u00e4henes mineraalsete toodete (19 miljoni euro v\u00f5rra ehk 9%) sissevedu Eestisse.<\/p>\n<p>Augustis imporditi kaupu enim L\u00e4tist (12% koguimpordist), Soomest (11%), Saksamaalt (11%) ja Leedust (11%). L\u00e4tist, Soomest ja Leedust toodi k\u00f5ige rohkem mineraalseid tooteid ja Saksamaalt transpordivahendeid.<\/p>\n<p>Aastaga kasvas kaupade import enim Hollandist (40 miljoni euro v\u00f5rra), L\u00e4tist (35 miljoni euro v\u00f5rra) ja Ameerika \u00dchendriikidest (25 miljoni euro v\u00f5rra). Hollandist ja L\u00e4tist toodi rohkem mineraalseid tooteid ja Ameerika \u00dchendriikidest elektriseadmeid. Enim kahanes import Soomest (76 miljoni euro v\u00f5rra), kust toodi v\u00e4hem mineraalseid tooteid.<\/p>\n<p>    Kuidas see lugu Sind end tundma pani?<br \/>\n        Saada<br \/>\n           <a href=\"https:\/\/arileht.delfi.ee\/artikkel\/120409361\/kaupade-eksport-vahenes-import-samal-ajal-kasvas-peamine-impordipartner-oli-eesti-jaoks-lati\/kommentaarid\" class=\"article-body-bottom__comment article-body-bottom__comment--write button button--primary button--size-auto\" rel=\"nofollow noopener\" target=\"_blank\"><br \/>\n        Kommenteeri<br \/>\n       <\/a> <a href=\"https:\/\/arileht.delfi.ee\/artikkel\/120409361\/kaupade-eksport-vahenes-import-samal-ajal-kasvas-peamine-impordipartner-oli-eesti-jaoks-lati\/kommentaarid\" class=\"article-body-bottom__comment article-body-bottom__comment--read button button--size-auto\" rel=\"nofollow noopener\" target=\"_blank\"><br \/>\n        Loe kommentaare (2) <\/a>  <\/p>\n","protected":false},"excerpt":{"rendered":"Luminor Eest pea\u00f6konomisti Lenno Uusk\u00fcla s\u00f5nul on Eesti kaupade eksport kiratsenud viimased kolm aastat, peale seda kui koroona&hellip;\n","protected":false},"author":2,"featured_media":16053,"comment_status":"","ping_status":"","sticky":false,"template":"","format":"standard","meta":{"footnotes":"","_share_on_mastodon":"0"},"categories":[80],"tags":[461,10088,26,27,37,33,35,34,36,112,31,32,21,28,29,114,115,95,19,1437,111,25,10087,889,113,264,23,24,22,20,30,92,93,94],"class_list":["post-16052","post","type-post","status-publish","format-standard","has-post-thumbnail","category-maailm","tag-ameerika","tag-aron","tag-breaking-news","tag-breakingnews","tag-ee","tag-eesti","tag-eesti-keel","tag-estonia","tag-estonian","tag-euroopa","tag-featured-news","tag-featurednews","tag-headlines","tag-latest-news","tag-latestnews","tag-lati","tag-leedu","tag-maailm","tag-news","tag-norra","tag-poola","tag-populaarseimad-lood","tag-puidutoostus","tag-rootsi","tag-soome","tag-taani","tag-top-stories","tag-topstories","tag-uldised-uudised","tag-uudised","tag-viimased-uudised","tag-world","tag-world-news","tag-worldnews"],"share_on_mastodon":{"url":"","error":""},"_links":{"self":[{"href":"https:\/\/www.europesays.com\/ee\/wp-json\/wp\/v2\/posts\/16052","targetHints":{"allow":["GET"]}}],"collection":[{"href":"https:\/\/www.europesays.com\/ee\/wp-json\/wp\/v2\/posts"}],"about":[{"href":"https:\/\/www.europesays.com\/ee\/wp-json\/wp\/v2\/types\/post"}],"author":[{"embeddable":true,"href":"https:\/\/www.europesays.com\/ee\/wp-json\/wp\/v2\/users\/2"}],"replies":[{"embeddable":true,"href":"https:\/\/www.europesays.com\/ee\/wp-json\/wp\/v2\/comments?post=16052"}],"version-history":[{"count":0,"href":"https:\/\/www.europesays.com\/ee\/wp-json\/wp\/v2\/posts\/16052\/revisions"}],"wp:featuredmedia":[{"embeddable":true,"href":"https:\/\/www.europesays.com\/ee\/wp-json\/wp\/v2\/media\/16053"}],"wp:attachment":[{"href":"https:\/\/www.europesays.com\/ee\/wp-json\/wp\/v2\/media?parent=16052"}],"wp:term":[{"taxonomy":"category","embeddable":true,"href":"https:\/\/www.europesays.com\/ee\/wp-json\/wp\/v2\/categories?post=16052"},{"taxonomy":"post_tag","embeddable":true,"href":"https:\/\/www.europesays.com\/ee\/wp-json\/wp\/v2\/tags?post=16052"}],"curies":[{"name":"wp","href":"https:\/\/api.w.org\/{rel}","templated":true}]}}