{"id":160581,"date":"2026-04-23T07:59:08","date_gmt":"2026-04-23T07:59:08","guid":{"rendered":"https:\/\/www.europesays.com\/ee\/160581\/"},"modified":"2026-04-23T07:59:08","modified_gmt":"2026-04-23T07:59:08","slug":"pildid-%e2%9f%a9-keskpargis-alustas-kopp-arheoloogiliste-uuringute-ettevalmistusi","status":"publish","type":"post","link":"https:\/\/www.europesays.com\/ee\/160581\/","title":{"rendered":"PILDID \u27e9 Keskpargis alustas kopp arheoloogiliste uuringute ettevalmistusi"},"content":{"rendered":"<p>Tartu s\u00fcdalinnas keskpargis j\u00e4tkuvad arheoloogiliste uuringute ettevalmistused Siuru asukohas. Neljap\u00e4eva hommikul kaevati seal kopaga maasse auku.<\/p>\n<p>Arheoloogiliste kaevamiste ettevalmistused kultuurikeskuse Siuru tulevases asukohas algasid 14. aprillil, kui pargis langetati suur osa nendest puudest, mis takistasid p\u00e4\u00e4su t\u00f6\u00f6alale ja j\u00e4id arheoloogiliste kaevamiste alale.<\/p>\n","protected":false},"excerpt":{"rendered":"Tartu s\u00fcdalinnas keskpargis j\u00e4tkuvad arheoloogiliste uuringute ettevalmistused Siuru asukohas. Neljap\u00e4eva hommikul kaevati seal kopaga maasse auku. Arheoloogiliste kaevamiste&hellip;\n","protected":false},"author":2,"featured_media":160582,"comment_status":"","ping_status":"","sticky":false,"template":"","format":"standard","meta":{"footnotes":"","_share_on_mastodon":"0"},"categories":[5],"tags":[75279,75275,75284,43953,75271,75273,26,27,37,33,35,34,36,31,32,21,26486,69247,75277,49061,43951,75276,28,29,24086,7222,19,75274,75281,75282,37309,25,75272,75280,75283,7285,75270,23,24,22,20,49064,75278,30],"class_list":["post-160581","post","type-post","status-publish","format-standard","has-post-thumbnail","category-uldised-uudised","tag-ajutine-manguala","tag-arheoloogiline-eeluuring","tag-arheoloogiline-jarelevalve","tag-arheoloogilised-kaevamised","tag-arheoloogilised-uuringud","tag-arheox-ou","tag-breaking-news","tag-breakingnews","tag-ee","tag-eesti","tag-eesti-keel","tag-estonia","tag-estonian","tag-featured-news","tag-featurednews","tag-headlines","tag-kaevetood","tag-kaubamaja-manguvaljak","tag-keskpargi-manguvaljak","tag-keskpark","tag-kultuurikeskus-siuru","tag-kultuurikiht","tag-latest-news","tag-latestnews","tag-liikluskorraldus","tag-muinsuskaitseseadus","tag-news","tag-ou-ehitustrust","tag-parkide-umberkorraldus","tag-pinnasetood","tag-poe-tanav","tag-populaarseimad-lood","tag-siuru-asukoht","tag-tartu-kesklinna-ehitus","tag-tartu-kultuurikeskus","tag-tartu-linnamuuseum","tag-tartu-sudalinn","tag-top-stories","tag-topstories","tag-uldised-uudised","tag-uudised","tag-uueturu-park","tag-vanemuise-ja-kaubamaja-vaheline-ala","tag-viimased-uudised"],"share_on_mastodon":{"url":"","error":"Validation failed: Text character limit of 500 exceeded"},"_links":{"self":[{"href":"https:\/\/www.europesays.com\/ee\/wp-json\/wp\/v2\/posts\/160581","targetHints":{"allow":["GET"]}}],"collection":[{"href":"https:\/\/www.europesays.com\/ee\/wp-json\/wp\/v2\/posts"}],"about":[{"href":"https:\/\/www.europesays.com\/ee\/wp-json\/wp\/v2\/types\/post"}],"author":[{"embeddable":true,"href":"https:\/\/www.europesays.com\/ee\/wp-json\/wp\/v2\/users\/2"}],"replies":[{"embeddable":true,"href":"https:\/\/www.europesays.com\/ee\/wp-json\/wp\/v2\/comments?post=160581"}],"version-history":[{"count":0,"href":"https:\/\/www.europesays.com\/ee\/wp-json\/wp\/v2\/posts\/160581\/revisions"}],"wp:featuredmedia":[{"embeddable":true,"href":"https:\/\/www.europesays.com\/ee\/wp-json\/wp\/v2\/media\/160582"}],"wp:attachment":[{"href":"https:\/\/www.europesays.com\/ee\/wp-json\/wp\/v2\/media?parent=160581"}],"wp:term":[{"taxonomy":"category","embeddable":true,"href":"https:\/\/www.europesays.com\/ee\/wp-json\/wp\/v2\/categories?post=160581"},{"taxonomy":"post_tag","embeddable":true,"href":"https:\/\/www.europesays.com\/ee\/wp-json\/wp\/v2\/tags?post=160581"}],"curies":[{"name":"wp","href":"https:\/\/api.w.org\/{rel}","templated":true}]}}