{"id":160596,"date":"2026-04-23T08:19:12","date_gmt":"2026-04-23T08:19:12","guid":{"rendered":"https:\/\/www.europesays.com\/ee\/160596\/"},"modified":"2026-04-23T08:19:12","modified_gmt":"2026-04-23T08:19:12","slug":"paeva-pealt-%e2%9f%a9-pentagon-andis-merevaeministrile-ootamatu-hundipassi","status":"publish","type":"post","link":"https:\/\/www.europesays.com\/ee\/160596\/","title":{"rendered":"P\u00c4EVA PEALT \u27e9 Pentagon andis merev\u00e4eministrile ootamatu hundipassi"},"content":{"rendered":"<p>USA kaitseministeerium teatas kolmap\u00e4eval, et l\u00f5petab otsekohe t\u00f6\u00f6suhte merev\u00e4eministri John Phelaniga. Pentagon ei esitanud ootamatule lahkumisele esialgu mingit selgitust.<\/p>\n<p>\u00abPhelan lahkub valitsusest otsekohe,\u00bb kinnitas Pentagoni pressiesindaja Sean Parnell avalduses. K\u00f5neisik lisas, et teda hakkab kohuset\u00e4itjana asendama aseminister Hung Cao.<\/p>\n","protected":false},"excerpt":{"rendered":"USA kaitseministeerium teatas kolmap\u00e4eval, et l\u00f5petab otsekohe t\u00f6\u00f6suhte merev\u00e4eministri John Phelaniga. Pentagon ei esitanud ootamatule lahkumisele esialgu mingit&hellip;\n","protected":false},"author":2,"featured_media":160597,"comment_status":"","ping_status":"","sticky":false,"template":"","format":"standard","meta":{"footnotes":"","_share_on_mastodon":"0"},"categories":[80],"tags":[26,27,324,37,33,35,34,36,31,32,21,28,29,95,19,460,25,23,24,22,75286,20441,20,30,92,93,94],"class_list":["post-160596","post","type-post","status-publish","format-standard","has-post-thumbnail","category-maailm","tag-breaking-news","tag-breakingnews","tag-donald-trump","tag-ee","tag-eesti","tag-eesti-keel","tag-estonia","tag-estonian","tag-featured-news","tag-featurednews","tag-headlines","tag-latest-news","tag-latestnews","tag-maailm","tag-news","tag-pentagon","tag-populaarseimad-lood","tag-top-stories","tag-topstories","tag-uldised-uudised","tag-usa-administratsioon","tag-usa-merevagi","tag-uudised","tag-viimased-uudised","tag-world","tag-world-news","tag-worldnews"],"share_on_mastodon":{"url":"https:\/\/pubeurope.com\/@ee\/116453045891785625","error":""},"_links":{"self":[{"href":"https:\/\/www.europesays.com\/ee\/wp-json\/wp\/v2\/posts\/160596","targetHints":{"allow":["GET"]}}],"collection":[{"href":"https:\/\/www.europesays.com\/ee\/wp-json\/wp\/v2\/posts"}],"about":[{"href":"https:\/\/www.europesays.com\/ee\/wp-json\/wp\/v2\/types\/post"}],"author":[{"embeddable":true,"href":"https:\/\/www.europesays.com\/ee\/wp-json\/wp\/v2\/users\/2"}],"replies":[{"embeddable":true,"href":"https:\/\/www.europesays.com\/ee\/wp-json\/wp\/v2\/comments?post=160596"}],"version-history":[{"count":0,"href":"https:\/\/www.europesays.com\/ee\/wp-json\/wp\/v2\/posts\/160596\/revisions"}],"wp:featuredmedia":[{"embeddable":true,"href":"https:\/\/www.europesays.com\/ee\/wp-json\/wp\/v2\/media\/160597"}],"wp:attachment":[{"href":"https:\/\/www.europesays.com\/ee\/wp-json\/wp\/v2\/media?parent=160596"}],"wp:term":[{"taxonomy":"category","embeddable":true,"href":"https:\/\/www.europesays.com\/ee\/wp-json\/wp\/v2\/categories?post=160596"},{"taxonomy":"post_tag","embeddable":true,"href":"https:\/\/www.europesays.com\/ee\/wp-json\/wp\/v2\/tags?post=160596"}],"curies":[{"name":"wp","href":"https:\/\/api.w.org\/{rel}","templated":true}]}}