{"id":160685,"date":"2026-04-23T09:56:10","date_gmt":"2026-04-23T09:56:10","guid":{"rendered":"https:\/\/www.europesays.com\/ee\/160685\/"},"modified":"2026-04-23T09:56:10","modified_gmt":"2026-04-23T09:56:10","slug":"ootamatu-poore-saksa-meedia-hein-voib-werderisse-jaada-soccernet-ee","status":"publish","type":"post","link":"https:\/\/www.europesays.com\/ee\/160685\/","title":{"rendered":"Ootamatu p\u00f6\u00f6re? Saksa meedia: Hein v\u00f5ib Werderisse j\u00e4\u00e4da &#8211; Soccernet.ee"},"content":{"rendered":"<p><img decoding=\"async\" src=\"https:\/\/www.europesays.com\/ee\/wp-content\/uploads\/2026\/04\/1776926921.jpg\" alt=\"Karl Jakob Hein v\u00f5ib Werderis m\u00e4ngida ka tuleval hooajal. Foto: Scanpix \/ nordphoto GmbH \/ Witke\"\/>&#13;\n<\/p>\n<p>Saksamaa v\u00e4ljaanded kirjutavad, et Bundesligas p\u00fcsimaj\u00e4\u00e4mise nimel heitlev Bremeni Werder on asunud turuolukorraga tutvuma, sest eksisteerib arvestatav v\u00f5imalus, et suvel lahkub nende esinumber parematele jahimaadele.<\/p>\n<p>Neli vooru enne t\u00e4navuse hooaja l\u00f5ppu leiab neljakordne Saksamaa meister Werder end tabelist \u00fcles 15. kohalt, olles 30 mat\u0161iga kogunud 31 punkti. Hetkeseisul \u00fcleminekum\u00e4ngudele suunduvat St. Paulit edestatakse viie ning esimest ohutsoonis olevat satsi Wolfsburgi seitsme punktiga.&#13;\n<\/p>\n<p>T\u00e4navu on Werderi v\u00e4ravat kaitsnud 22-aastane klubi kasvandik Mio Backhaus, kelle kohta kirjutatakse kohalikus meedias, et tegu on tulevase Saksamaa koondise esikindaga. Kui Backhaus septembri l\u00f5pus ja oktoobri alguses \u00f5latrauma t\u00f5ttu eemal oli, seisis postide vahel Eesti meeste koondise esivaht Karl Jakob Hein, kes on Londoni Arsenalist laenul.&#13;\n<\/p>\n<p>24-aastase eestlase jaoks on see hooaeg l\u00e4inud paraku raisku, sest ta on platsil k\u00e4inud t\u00e4pselt kahes v\u00f5istluskohtumises \u2014 0:4 v\u00f5\u00f5rsilkaotus M\u00fcncheni Bayernile ja 1:0 koduv\u00f5it St. Pauli \u00fcle. \u00dclej\u00e4\u00e4nud m\u00e4nguminutid on omale saanud Backhaus, kelle tegutsemist on Hein j\u00e4lginud pingilt. Ka viimases neljas kohtumises ei tee Eesti aasta jalgpallur kaasa, sest ta on alates m\u00e4rtsi keskpaigast s\u00f5rmevigastusega audis.<\/p>\n<p>Backhaus tehakse rahaks?&#13;\n<\/p>\n<p>Saksamaa ajakirjanike hinnangul l\u00e4heb Werder j\u00e4rgmisele hooajale vastu olukorras, kus ei saa r\u00e4\u00e4kida Backhausist ja Heinast, vaid saab r\u00e4\u00e4kida Backhausist v\u00f5i Heinast. Bild kirjutab, et ehkki klubis \u00fcles kasvanud Backhaus on l\u00e4bi ja l\u00f5hki Werderi mees, siis teisip\u00e4eval avaldatud majandusaasta vahearuandest selgus, et\u00a0Werder on 4,8 miljoni euroga kahjumis.&#13;\n<\/p>\n<p>Selle najal on t\u00f5statatud variant, et Backhaus, kelle turuv\u00e4\u00e4rtus on Transfermarkti hinnangul 12 miljonit eurot, v\u00f5ib minna suvel m\u00fc\u00fcgiks. Tema vastu tunnevad v\u00e4idetavalt huvi Itaalia hiiud AC Milan ja Milano Inter, liigarivaal Freiburg ning mitmed Inglismaa k\u00f5rgliigaklubid.&#13;\n<\/p>\n<p>Kui Backhaus m\u00fc\u00fcakse maha, v\u00f5idakse omale esinumbriks palgata Hein, kirjutab Werderi tegemistega kursis olev Die DeichStube. Nende andmetel on eestlase laenulepingusse kirjutatud klausel, mis lubab Saksamaa klubil hooaja l\u00f5ppedes Heina kolme miljoni euro eest omale osta.<\/p>\n<p>Suvele l\u00e4henedes tasub silmas pidada, et Hein pikendas Arsenaliga lepingut 2024. aastal ja see l\u00f5ppeb t\u00e4navu juulis. Aasta eest raporteeris The Athletic, et Kahurimeestel on v\u00f5imalik v\u00e4ravavahiga koost\u00f6\u00f6d pikendada \u00fche aasta v\u00f5rra ning Heina eest tahetakse kindlasti raha saada.&#13;\n<\/p>\n<p>&#8220;Vaatame turul ringi, sest tahame valmis olla k\u00f5ikideks stsenaariumiteks,&#8221; kommenteeris Werderi esindusmeeskonna direktor Peter Niemeyer DeichStubele. &#8220;Praegu on meil Mio ja Karli n\u00e4ol tugev duo. Samas ei ole v\u00e4listatud, et suvel toimuvad muudatused, millele peame reageerima.&#8221;&#13;<\/p>\n","protected":false},"excerpt":{"rendered":"&#13; Saksamaa v\u00e4ljaanded kirjutavad, et Bundesligas p\u00fcsimaj\u00e4\u00e4mise nimel heitlev Bremeni Werder on asunud turuolukorraga tutvuma, sest eksisteerib arvestatav&hellip;\n","protected":false},"author":2,"featured_media":160686,"comment_status":"","ping_status":"","sticky":false,"template":"","format":"standard","meta":{"footnotes":"","_share_on_mastodon":"0"},"categories":[18],"tags":[524,526,527,37,33,35,34,36,532,536,3910,159,158,539],"class_list":["post-160685","post","type-post","status-publish","format-standard","has-post-thumbnail","category-sport","tag-backhaus","tag-bremeni-werder","tag-bundesliga","tag-ee","tag-eesti","tag-eesti-keel","tag-estonia","tag-estonian","tag-hein","tag-karl-jakob-hein","tag-mio-backhaus","tag-sport","tag-sports","tag-werder"],"share_on_mastodon":{"url":"","error":""},"_links":{"self":[{"href":"https:\/\/www.europesays.com\/ee\/wp-json\/wp\/v2\/posts\/160685","targetHints":{"allow":["GET"]}}],"collection":[{"href":"https:\/\/www.europesays.com\/ee\/wp-json\/wp\/v2\/posts"}],"about":[{"href":"https:\/\/www.europesays.com\/ee\/wp-json\/wp\/v2\/types\/post"}],"author":[{"embeddable":true,"href":"https:\/\/www.europesays.com\/ee\/wp-json\/wp\/v2\/users\/2"}],"replies":[{"embeddable":true,"href":"https:\/\/www.europesays.com\/ee\/wp-json\/wp\/v2\/comments?post=160685"}],"version-history":[{"count":0,"href":"https:\/\/www.europesays.com\/ee\/wp-json\/wp\/v2\/posts\/160685\/revisions"}],"wp:featuredmedia":[{"embeddable":true,"href":"https:\/\/www.europesays.com\/ee\/wp-json\/wp\/v2\/media\/160686"}],"wp:attachment":[{"href":"https:\/\/www.europesays.com\/ee\/wp-json\/wp\/v2\/media?parent=160685"}],"wp:term":[{"taxonomy":"category","embeddable":true,"href":"https:\/\/www.europesays.com\/ee\/wp-json\/wp\/v2\/categories?post=160685"},{"taxonomy":"post_tag","embeddable":true,"href":"https:\/\/www.europesays.com\/ee\/wp-json\/wp\/v2\/tags?post=160685"}],"curies":[{"name":"wp","href":"https:\/\/api.w.org\/{rel}","templated":true}]}}