{"id":160806,"date":"2026-04-23T12:08:07","date_gmt":"2026-04-23T12:08:07","guid":{"rendered":"https:\/\/www.europesays.com\/ee\/160806\/"},"modified":"2026-04-23T12:08:07","modified_gmt":"2026-04-23T12:08:07","slug":"saksa-meedia-hein-voib-werderisse-jaada-jalgpall","status":"publish","type":"post","link":"https:\/\/www.europesays.com\/ee\/160806\/","title":{"rendered":"Saksa meedia: Hein v\u00f5ib Werderisse j\u00e4\u00e4da | Jalgpall"},"content":{"rendered":"<p>Saksamaa v\u00e4ljaanded kirjutavad, et Bundesligas p\u00fcsimaj\u00e4\u00e4mise nimel heitlev Bremeni Werder on asunud turuolukorraga tutvuma, sest eksisteerib arvestatav v\u00f5imalus, et suvel lahkub nende esiv\u00e4ravavaht parematele jahimaadele.<\/p>\n<p>T\u00e4navu on Werderi v\u00e4ravat kaitsnud 22-aastane klubi kasvandik Mio Backhaus, kelle kohta kirjutatakse kohalikus meedias, et tegu on tulevase Saksamaa koondise esikindaga. Kui Backhaus septembri l\u00f5pus ja oktoobri alguses \u00f5latrauma t\u00f5ttu eemal oli, seisis postide vahel Eesti meeste koondise esivaht Karl Jakob Hein, kes on Londoni Arsenalist laenul, kirjutab Soccernet.ee.<\/p>\n<p>24-aastase eestlase jaoks on see hooaeg l\u00e4inud paraku raisku, sest ta on platsil k\u00e4inud t\u00e4pselt kahes v\u00f5istluskohtumises \u2014 0:4 v\u00f5\u00f5rsilkaotus M\u00fcncheni Bayernile ja 1:0 koduv\u00f5it St. Pauli \u00fcle. \u00dclej\u00e4\u00e4nud m\u00e4nguminutid on omale saanud Backhaus, kelle tegutsemist on Hein j\u00e4lginud pingilt. Ka viimases neljas kohtumises ei tee Eesti aasta jalgpallur kaasa, sest ta on alates m\u00e4rtsi keskpaigast s\u00f5rmevigastusega audis.<\/p>\n<p>Saksamaa ajakirjanike hinnangul l\u00e4heb Werder j\u00e4rgmisele hooajale vastu olukorras, kus ei saa r\u00e4\u00e4kida Backhausist ja Heinast, vaid saab r\u00e4\u00e4kida Backhausist v\u00f5i Heinast. Bild kirjutab, et ehkki klubis \u00fcles kasvanud Backhaus on l\u00e4bi ja l\u00f5hki Werderi mees, siis teisip\u00e4eval avaldatud majandusaasta vahearuandest selgus, et Werder on 4,8 miljoni euroga kahjumis.<\/p>\n<p>Selle najal on t\u00f5statatud variant, et Backhaus, kelle turuv\u00e4\u00e4rtus on Transfermarkti hinnangul 12 miljonit eurot, v\u00f5ib minna suvel m\u00fc\u00fcgiks. Tema vastu tunnevad v\u00e4idetavalt huvi Itaalia hiiud AC Milan ja Milano Inter, liigarivaal Freiburg ning mitmed Inglismaa k\u00f5rgliigaklubid.<\/p>\n<p>Kui Backhaus m\u00fc\u00fcakse maha, v\u00f5idakse omale esinumbriks palgata Hein, kirjutab Werderi tegemistega kursis olev Die DeichStube. Nende andmetel on eestlase laenulepingusse kirjutatud klausel, mis lubab Saksamaa klubil hooaja l\u00f5ppedes Heina kolme miljoni euro eest omale osta.<\/p>\n<p>Suvele l\u00e4henedes tasub silmas pidada, et Hein pikendas Arsenaliga lepingut 2024. aastal ja see l\u00f5ppeb t\u00e4navu juulis.<\/p>\n<p><a href=\"https:\/\/soccernet.ee\/artikkel\/ootamatu-poore-saksa-meedia-hein-voib-werderisse-jaada\" target=\"_blank\" rel=\"noopener nofollow\">Loe pikemalt portaalist Soccernet.ee.<\/a><\/p>\n","protected":false},"excerpt":{"rendered":"Saksamaa v\u00e4ljaanded kirjutavad, et Bundesligas p\u00fcsimaj\u00e4\u00e4mise nimel heitlev Bremeni Werder on asunud turuolukorraga tutvuma, sest eksisteerib arvestatav v\u00f5imalus,&hellip;\n","protected":false},"author":2,"featured_media":160807,"comment_status":"","ping_status":"","sticky":false,"template":"","format":"standard","meta":{"footnotes":"","_share_on_mastodon":"0"},"categories":[18],"tags":[526,37,33,35,34,36,536,3910,159,158],"class_list":["post-160806","post","type-post","status-publish","format-standard","has-post-thumbnail","category-sport","tag-bremeni-werder","tag-ee","tag-eesti","tag-eesti-keel","tag-estonia","tag-estonian","tag-karl-jakob-hein","tag-mio-backhaus","tag-sport","tag-sports"],"share_on_mastodon":{"url":"https:\/\/pubeurope.com\/@ee\/116453946564778681","error":""},"_links":{"self":[{"href":"https:\/\/www.europesays.com\/ee\/wp-json\/wp\/v2\/posts\/160806","targetHints":{"allow":["GET"]}}],"collection":[{"href":"https:\/\/www.europesays.com\/ee\/wp-json\/wp\/v2\/posts"}],"about":[{"href":"https:\/\/www.europesays.com\/ee\/wp-json\/wp\/v2\/types\/post"}],"author":[{"embeddable":true,"href":"https:\/\/www.europesays.com\/ee\/wp-json\/wp\/v2\/users\/2"}],"replies":[{"embeddable":true,"href":"https:\/\/www.europesays.com\/ee\/wp-json\/wp\/v2\/comments?post=160806"}],"version-history":[{"count":0,"href":"https:\/\/www.europesays.com\/ee\/wp-json\/wp\/v2\/posts\/160806\/revisions"}],"wp:featuredmedia":[{"embeddable":true,"href":"https:\/\/www.europesays.com\/ee\/wp-json\/wp\/v2\/media\/160807"}],"wp:attachment":[{"href":"https:\/\/www.europesays.com\/ee\/wp-json\/wp\/v2\/media?parent=160806"}],"wp:term":[{"taxonomy":"category","embeddable":true,"href":"https:\/\/www.europesays.com\/ee\/wp-json\/wp\/v2\/categories?post=160806"},{"taxonomy":"post_tag","embeddable":true,"href":"https:\/\/www.europesays.com\/ee\/wp-json\/wp\/v2\/tags?post=160806"}],"curies":[{"name":"wp","href":"https:\/\/api.w.org\/{rel}","templated":true}]}}