{"id":160812,"date":"2026-04-23T12:11:24","date_gmt":"2026-04-23T12:11:24","guid":{"rendered":"https:\/\/www.europesays.com\/ee\/160812\/"},"modified":"2026-04-23T12:11:24","modified_gmt":"2026-04-23T12:11:24","slug":"juhtkiri-kui-oige-investeeriks-sundidesse","status":"publish","type":"post","link":"https:\/\/www.europesays.com\/ee\/160812\/","title":{"rendered":"Juhtkiri: kui \u00f5ige investeeriks s\u00fcndidesse"},"content":{"rendered":"<p>            <a href=\"https:\/\/online.le.ee\/wp-content\/uploads\/2025\/09\/laane-elu.jpg\" data-caption=\"\" rel=\"nofollow noopener\" target=\"_blank\"><img loading=\"lazy\" width=\"696\" height=\"464\" class=\"entry-thumb td-modal-image lazyload\" alt=\"\" title=\"l\u00e4\u00e4ne elu\" src=\"https:\/\/www.europesays.com\/ee\/wp-content\/uploads\/2025\/10\/laane-elu-696x464.jpg\" decoding=\"async\"  data- data-eio-rwidth=\"696\" data-eio-rheight=\"464\"\/><\/a><\/p>\n<p>Aastaid on omavalitsused maksnud kokku palju rohkem matusetoetust kui s\u00fcnnitoetust. Ennek\u00f5ike seet\u00f5ttu, et lahkunuid ongi rohkem. Juurde s\u00fcndivate laste arv j\u00e4\u00e4b kolm kuni neli korda alla neile, keda matame. Seda n\u00e4itab ka Eesti rahvaarvu muutumine: paaril viimasel aastal on rahvaarv v\u00e4henenud just seet\u00f5ttu, et s\u00fcndide ja surmade seis on paratamatult surmade poo<\/p>\n<p>Artikli lugemiseks tellige p\u00e4evapilet, digipakett v\u00f5i <a href=\"https:\/\/online.le.ee\/tellimine\/\" rel=\"nofollow noopener\" target=\"_blank\">logige<\/a> sisse!<br \/>\n<a href=\"https:\/\/online.le.ee\/tellimine\" rel=\"attachment wp-att-387649 nofollow noopener\" target=\"_blank\"><img loading=\"lazy\" class=\"aligncenter size-full wp-image-387649 lazyload\" alt=\"\" width=\"688\" height=\"101\" src=\"https:\/\/www.europesays.com\/ee\/wp-content\/uploads\/2026\/04\/1776160812_300_tasuline.png\" decoding=\"async\" data-eio-rwidth=\"700\" data-eio-rheight=\"100\"\/><\/a><\/p>\n<p>Reklaam<\/p>\n<p>                        Eelmine artikkel<a href=\"https:\/\/online.le.ee\/2026\/04\/23\/haapsalu-lopetas-pusilisatasude-maksmise\/\" rel=\"nofollow noopener\" target=\"_blank\">Haapsalu l\u00f5petas p\u00fcsilisatasude maksmise<\/a>J\u00e4rgmine artikkel<a href=\"https:\/\/online.le.ee\/2026\/04\/23\/ara-jata-tegemata-4-olulist-sammu-enne-aiatehnika-kasutamist\/\" rel=\"nofollow noopener\" target=\"_blank\">\u00c4ra j\u00e4ta tegemata! 4 olulist sammu enne aiatehnika kasutamist<\/a>                                <\/p>\n","protected":false},"excerpt":{"rendered":"Aastaid on omavalitsused maksnud kokku palju rohkem matusetoetust kui s\u00fcnnitoetust. Ennek\u00f5ike seet\u00f5ttu, et lahkunuid ongi rohkem. Juurde s\u00fcndivate&hellip;\n","protected":false},"author":2,"featured_media":9549,"comment_status":"","ping_status":"","sticky":false,"template":"","format":"standard","meta":{"footnotes":"","_share_on_mastodon":"0"},"categories":[12],"tags":[26,27,37,33,35,34,36,31,32,21,58971,28,29,19,25,2238,23,24,22,20,30],"class_list":["post-160812","post","type-post","status-publish","format-standard","has-post-thumbnail","category-eesti","tag-breaking-news","tag-breakingnews","tag-ee","tag-eesti","tag-eesti-keel","tag-estonia","tag-estonian","tag-featured-news","tag-featurednews","tag-headlines","tag-laane-elu-juhtkiri","tag-latest-news","tag-latestnews","tag-news","tag-populaarseimad-lood","tag-sunnid","tag-top-stories","tag-topstories","tag-uldised-uudised","tag-uudised","tag-viimased-uudised"],"share_on_mastodon":{"url":"https:\/\/pubeurope.com\/@ee\/116453958352618089","error":""},"_links":{"self":[{"href":"https:\/\/www.europesays.com\/ee\/wp-json\/wp\/v2\/posts\/160812","targetHints":{"allow":["GET"]}}],"collection":[{"href":"https:\/\/www.europesays.com\/ee\/wp-json\/wp\/v2\/posts"}],"about":[{"href":"https:\/\/www.europesays.com\/ee\/wp-json\/wp\/v2\/types\/post"}],"author":[{"embeddable":true,"href":"https:\/\/www.europesays.com\/ee\/wp-json\/wp\/v2\/users\/2"}],"replies":[{"embeddable":true,"href":"https:\/\/www.europesays.com\/ee\/wp-json\/wp\/v2\/comments?post=160812"}],"version-history":[{"count":0,"href":"https:\/\/www.europesays.com\/ee\/wp-json\/wp\/v2\/posts\/160812\/revisions"}],"wp:featuredmedia":[{"embeddable":true,"href":"https:\/\/www.europesays.com\/ee\/wp-json\/wp\/v2\/media\/9549"}],"wp:attachment":[{"href":"https:\/\/www.europesays.com\/ee\/wp-json\/wp\/v2\/media?parent=160812"}],"wp:term":[{"taxonomy":"category","embeddable":true,"href":"https:\/\/www.europesays.com\/ee\/wp-json\/wp\/v2\/categories?post=160812"},{"taxonomy":"post_tag","embeddable":true,"href":"https:\/\/www.europesays.com\/ee\/wp-json\/wp\/v2\/tags?post=160812"}],"curies":[{"name":"wp","href":"https:\/\/api.w.org\/{rel}","templated":true}]}}