{"id":160820,"date":"2026-04-23T12:20:08","date_gmt":"2026-04-23T12:20:08","guid":{"rendered":"https:\/\/www.europesays.com\/ee\/160820\/"},"modified":"2026-04-23T12:20:08","modified_gmt":"2026-04-23T12:20:08","slug":"susteemiuuendused-voivad-kaasa-tuua-torked-err-i-telekavades-eesti","status":"publish","type":"post","link":"https:\/\/www.europesays.com\/ee\/160820\/","title":{"rendered":"S\u00fcsteemiuuendused v\u00f5ivad kaasa tuua t\u00f5rked ERR-i telekavades | Eesti"},"content":{"rendered":"<p>Eesti Rahvusringh\u00e4\u00e4ling uuendab perioodil 23. aprill kuni 27. aprill tehnilisi s\u00fcsteeme, millega seoses v\u00f5ib esineda t\u00f5rkeid telesaadete info esitamisel.<\/p>\n<p>Neljap\u00e4eva p\u00e4rastl\u00f5unast kuni esmasp\u00e4eva varahommikuni toimuvad hooldust\u00f6\u00f6d v\u00f5ivad kaasa tuua puuduliku saatekava info ja t\u00f5rked automaatsubtiitrite kuvamises, samuti v\u00f5ivad t\u00f6\u00f6d m\u00f5jutada osade saadete j\u00e4relevaatamist.<\/p>\n<p>K\u00f5ik kolm ERR-i teleprogrammi j\u00f5uavad vaatajateni t\u00f6\u00f6de teostamise ajal tavap\u00e4rasel moel, nii teleris kui ka digikanalites.<\/p>\n<p>T\u00f5rkeid v\u00f5ib esineda otse\u00fclekannetest tulenevate saatekavade muudatuste esitamisel.<\/p>\n<p>ERR palub vaatajatelt m\u00f5istvat suhtumist, t\u00f6id viiakse l\u00e4bi eesm\u00e4rgiga uuendada teleprogrammide edastuseks vajalikke s\u00fcsteeme.\u00a0<\/p>\n","protected":false},"excerpt":{"rendered":"Eesti Rahvusringh\u00e4\u00e4ling uuendab perioodil 23. aprill kuni 27. aprill tehnilisi s\u00fcsteeme, millega seoses v\u00f5ib esineda t\u00f5rkeid telesaadete info&hellip;\n","protected":false},"author":2,"featured_media":160821,"comment_status":"","ping_status":"","sticky":false,"template":"","format":"standard","meta":{"footnotes":"","_share_on_mastodon":"0"},"categories":[14],"tags":[131,130,37,33,35,34,36,10625,588],"class_list":["post-160820","post","type-post","status-publish","format-standard","has-post-thumbnail","category-ari","tag-ari","tag-business","tag-ee","tag-eesti","tag-eesti-keel","tag-estonia","tag-estonian","tag-it","tag-meedia"],"share_on_mastodon":{"url":"https:\/\/pubeurope.com\/@ee\/116453993713326196","error":""},"_links":{"self":[{"href":"https:\/\/www.europesays.com\/ee\/wp-json\/wp\/v2\/posts\/160820","targetHints":{"allow":["GET"]}}],"collection":[{"href":"https:\/\/www.europesays.com\/ee\/wp-json\/wp\/v2\/posts"}],"about":[{"href":"https:\/\/www.europesays.com\/ee\/wp-json\/wp\/v2\/types\/post"}],"author":[{"embeddable":true,"href":"https:\/\/www.europesays.com\/ee\/wp-json\/wp\/v2\/users\/2"}],"replies":[{"embeddable":true,"href":"https:\/\/www.europesays.com\/ee\/wp-json\/wp\/v2\/comments?post=160820"}],"version-history":[{"count":0,"href":"https:\/\/www.europesays.com\/ee\/wp-json\/wp\/v2\/posts\/160820\/revisions"}],"wp:featuredmedia":[{"embeddable":true,"href":"https:\/\/www.europesays.com\/ee\/wp-json\/wp\/v2\/media\/160821"}],"wp:attachment":[{"href":"https:\/\/www.europesays.com\/ee\/wp-json\/wp\/v2\/media?parent=160820"}],"wp:term":[{"taxonomy":"category","embeddable":true,"href":"https:\/\/www.europesays.com\/ee\/wp-json\/wp\/v2\/categories?post=160820"},{"taxonomy":"post_tag","embeddable":true,"href":"https:\/\/www.europesays.com\/ee\/wp-json\/wp\/v2\/tags?post=160820"}],"curies":[{"name":"wp","href":"https:\/\/api.w.org\/{rel}","templated":true}]}}