{"id":160845,"date":"2026-04-23T12:51:10","date_gmt":"2026-04-23T12:51:10","guid":{"rendered":"https:\/\/www.europesays.com\/ee\/160845\/"},"modified":"2026-04-23T12:51:10","modified_gmt":"2026-04-23T12:51:10","slug":"foto-ema-ja-laps-molemad-ekraanil-telesarja-minu-kula-uues-hooajas-teevad-kaasa-grete-kuld-ja-tema-tutar","status":"publish","type":"post","link":"https:\/\/www.europesays.com\/ee\/160845\/","title":{"rendered":"FOTO | Ema ja laps m\u00f5lemad ekraanil! Telesarja \u201eMinu k\u00fcla\u201c uues hooajas teevad kaasa Grete Kuld ja tema t\u00fctar"},"content":{"rendered":"<p>\u201eMinu k\u00fcla\u201c kolmas hooaeg viib vaatajad taas v\u00e4ikesesse Karinu k\u00fclla, kus maaelu kulgeb k\u00f5ike muud kui rahulikult. Sarja keskmes on <a rel=\"noopener nofollow\" target=\"_blank\" href=\"https:\/\/www.delfi.ee\/teema\/397\/merle-palmiste\" tag-id=\"397\">Merle Palmiste<\/a> ja Ingrid Marguse kehastatud kaks linnaprouat, Tiina ja Inriid, kelle elu l\u00f5i pea peale metsa\u00e4rimees Gunnar Holmi surm ja sellele j\u00e4rgnenud p\u00e4randilugu. Suure varanduse k\u00e4ttesaamiseks tuli naistel kolida aastaks maale ning asuda elama mehe lapsep\u00f5lvekoju. N\u00fc\u00fcd, kolmandal hooajal, j\u00e4tkuvad nende sekeldused keset k\u00fclaelu, kummalisi tegelasi ja l\u00f5putuid suhtesasipuntraid.<\/p>\n<p>V\u00e4rsketes osades teeb kaasa <a rel=\"noopener nofollow\" target=\"_blank\" href=\"https:\/\/www.delfi.ee\/teema\/91388767\/grete-kuld\" tag-id=\"91388767\">Grete Kuld<\/a>, kes kehastab Gunnar Holmi \u00f5de. Naine saabub k\u00fclla kindla plaaniga ja tahab kiiresti selgust saada, mis tema venna elu ja p\u00e4randiga \u00f5igupoolest juhtunud on. Nii satub ta \u00fcsna kiiresti vastamisi nii Inriidi kui ka Tiinaga ning juba esimesest osast alates on selge, et uus tegelane toob loosse parajalt elevust.<\/p>\n<p>Oma roll on sarjas ka Grete ja Ergo t\u00fctrel Saaral, kes m\u00e4ngib Inriidi s\u00f5nakat ja vallatuid krutskeid t\u00e4is t\u00fctart Mariat. Oma v\u00f5luva lapseliku kelmikuse, lapsesuu ning terava k\u00e4itumisega paneb ta inimesed m\u00f5tlema ja muhelema.<\/p>\n<p><img decoding=\"async\" src=\"https:\/\/www.europesays.com\/ee\/wp-content\/uploads\/2026\/04\/c1b0a644-0cfe-458c-8999-e94ab3a1248d.jpg\" loading=\"lazy\" alt=\"&quot;Minu k\u00fcla&quot; sarjas on roll ka Grete ja Ergo t\u00fctrel Saaral\"\/><\/p>\n<p>Kom\u00f6\u00f6diasari \u201eMinu k\u00fcla\u201c alustab Kanal 2s kolmanda hooajaga sel laup\u00e4eval kell 20.30.<\/p>\n<p>Kuidas see lugu Sind end tundma pani? Saada <a href=\"https:\/\/kroonika.delfi.ee\/artikkel\/120570618\/foto-ema-ja-laps-molemad-ekraanil-telesarja-minu-kula-uues-hooajas-teevad-kaasa-grete-kuld-ja-tema-tutar\/kommentaarid\" class=\"article-body-bottom__comment article-body-bottom__comment--write button button--primary button--size-auto\" rel=\"nofollow noopener\" target=\"_blank\"> Kommenteeri <\/a><a href=\"https:\/\/kroonika.delfi.ee\/artikkel\/120570618\/foto-ema-ja-laps-molemad-ekraanil-telesarja-minu-kula-uues-hooajas-teevad-kaasa-grete-kuld-ja-tema-tutar\/kommentaarid\" class=\"article-body-bottom__comment article-body-bottom__comment--read button button--size-auto\" rel=\"nofollow noopener\" target=\"_blank\"> Loe kommentaare (1)<\/a><\/p>\n","protected":false},"excerpt":{"rendered":"\u201eMinu k\u00fcla\u201c kolmas hooaeg viib vaatajad taas v\u00e4ikesesse Karinu k\u00fclla, kus maaelu kulgeb k\u00f5ike muud kui rahulikult. Sarja&hellip;\n","protected":false},"author":2,"featured_media":160846,"comment_status":"","ping_status":"","sticky":false,"template":"","format":"standard","meta":{"footnotes":"","_share_on_mastodon":"0"},"categories":[16],"tags":[37,33,35,173,11072,34,36,1597,259,140,16673],"class_list":["post-160845","post","type-post","status-publish","format-standard","has-post-thumbnail","category-meelelahutus","tag-ee","tag-eesti","tag-eesti-keel","tag-entertainment","tag-ergo-kuld","tag-estonia","tag-estonian","tag-grete-kuld","tag-kanal-2","tag-meelelahutus","tag-merle-palmiste"],"share_on_mastodon":{"url":"https:\/\/pubeurope.com\/@ee\/116454115786180948","error":""},"_links":{"self":[{"href":"https:\/\/www.europesays.com\/ee\/wp-json\/wp\/v2\/posts\/160845","targetHints":{"allow":["GET"]}}],"collection":[{"href":"https:\/\/www.europesays.com\/ee\/wp-json\/wp\/v2\/posts"}],"about":[{"href":"https:\/\/www.europesays.com\/ee\/wp-json\/wp\/v2\/types\/post"}],"author":[{"embeddable":true,"href":"https:\/\/www.europesays.com\/ee\/wp-json\/wp\/v2\/users\/2"}],"replies":[{"embeddable":true,"href":"https:\/\/www.europesays.com\/ee\/wp-json\/wp\/v2\/comments?post=160845"}],"version-history":[{"count":0,"href":"https:\/\/www.europesays.com\/ee\/wp-json\/wp\/v2\/posts\/160845\/revisions"}],"wp:featuredmedia":[{"embeddable":true,"href":"https:\/\/www.europesays.com\/ee\/wp-json\/wp\/v2\/media\/160846"}],"wp:attachment":[{"href":"https:\/\/www.europesays.com\/ee\/wp-json\/wp\/v2\/media?parent=160845"}],"wp:term":[{"taxonomy":"category","embeddable":true,"href":"https:\/\/www.europesays.com\/ee\/wp-json\/wp\/v2\/categories?post=160845"},{"taxonomy":"post_tag","embeddable":true,"href":"https:\/\/www.europesays.com\/ee\/wp-json\/wp\/v2\/tags?post=160845"}],"curies":[{"name":"wp","href":"https:\/\/api.w.org\/{rel}","templated":true}]}}