{"id":16090,"date":"2025-10-10T07:45:08","date_gmt":"2025-10-10T07:45:08","guid":{"rendered":"https:\/\/www.europesays.com\/ee\/16090\/"},"modified":"2025-10-10T07:45:08","modified_gmt":"2025-10-10T07:45:08","slug":"parnu-filmifestival-%e2%9f%a9-ka-zojal-svetal-ja-natasal-on-oigus-elule","status":"publish","type":"post","link":"https:\/\/www.europesays.com\/ee\/16090\/","title":{"rendered":"P\u00c4RNU FILMIFESTIVAL \u27e9 Ka Zojal, Svetal ja Nata\u0161al on \u00f5igus elule"},"content":{"rendered":"<p>Elu Amsterdami l\u00e4hedal Wiispi p\u00f5genikekeskuses on ehk samasugune nagu igas teiseski, kuid ikkagi tekib filmi vaadates k\u00fcsimus, miks nad nii l\u00f5busad on. Aga selle p\u00e4rast, et nad on kurvad, sest nad k\u00f5ik pidid oma kodumaalt lahkuma.<\/p>\n<p>\u00abMiks nad muidu oma bor\u0161i ja pirukaid teevad, nad v\u00f5iksid ju Hollandi k\u00f6\u00f6gi peale \u00fcle minna! Nemad aga valmistavad oma rahvustoite s\u00fcdamega kas v\u00f5i juba selle p\u00e4rast, et vaimselt vastu pidada ning et nende lapsed ei tunneks pidevat s\u00f5jahirmu,\u00bb arvab Soosaar ja loodab, et ei pea reedesel seansil kell viis autoritega \u00fcksi P\u00e4rnu Vanalinna p\u00f5hikoolis seda filmi vaatama.<\/p>\n","protected":false},"excerpt":{"rendered":"Elu Amsterdami l\u00e4hedal Wiispi p\u00f5genikekeskuses on ehk samasugune nagu igas teiseski, kuid ikkagi tekib filmi vaadates k\u00fcsimus, miks&hellip;\n","protected":false},"author":2,"featured_media":16091,"comment_status":"","ping_status":"","sticky":false,"template":"","format":"standard","meta":{"footnotes":""},"categories":[16],"tags":[346,345,342,37,33,35,173,34,36,344,360,343,339,349,140,341,354,357,351,352,355,356,348,336,350,337,353,159,338,340,347,358,359,20],"class_list":{"0":"post-16090","1":"post","2":"type-post","3":"status-publish","4":"format-standard","5":"has-post-thumbnail","7":"category-meelelahutus","8":"tag-ajakirjaniku-kontakt","9":"tag-ajalehe-tellimine","10":"tag-arhiiv","11":"tag-ee","12":"tag-eesti","13":"tag-eesti-keel","14":"tag-entertainment","15":"tag-estonia","16":"tag-estonian","17":"tag-kaastundeavaldus","18":"tag-kesklinna-sild","19":"tag-kuulutuse-lisamine","20":"tag-kuulutused","21":"tag-liiklusonnetus","22":"tag-meelelahutus","23":"tag-paberleht","24":"tag-parnu-haigla","25":"tag-parnu-jahtklubi","26":"tag-parnu-linn","27":"tag-parnu-maakohus","28":"tag-parnu-rand","29":"tag-parnu-sadam","30":"tag-parnu-uritused","31":"tag-parnu-uudised","32":"tag-parnumaa","33":"tag-parnumaa-uudised","34":"tag-politsei","35":"tag-sport","36":"tag-suvepealinn","37":"tag-tellimine","38":"tag-toimetuse-kontakt","39":"tag-tulekahju","40":"tag-urituste-kava","41":"tag-uudised"},"share_on_mastodon":{"url":"","error":""},"_links":{"self":[{"href":"https:\/\/www.europesays.com\/ee\/wp-json\/wp\/v2\/posts\/16090","targetHints":{"allow":["GET"]}}],"collection":[{"href":"https:\/\/www.europesays.com\/ee\/wp-json\/wp\/v2\/posts"}],"about":[{"href":"https:\/\/www.europesays.com\/ee\/wp-json\/wp\/v2\/types\/post"}],"author":[{"embeddable":true,"href":"https:\/\/www.europesays.com\/ee\/wp-json\/wp\/v2\/users\/2"}],"replies":[{"embeddable":true,"href":"https:\/\/www.europesays.com\/ee\/wp-json\/wp\/v2\/comments?post=16090"}],"version-history":[{"count":0,"href":"https:\/\/www.europesays.com\/ee\/wp-json\/wp\/v2\/posts\/16090\/revisions"}],"wp:featuredmedia":[{"embeddable":true,"href":"https:\/\/www.europesays.com\/ee\/wp-json\/wp\/v2\/media\/16091"}],"wp:attachment":[{"href":"https:\/\/www.europesays.com\/ee\/wp-json\/wp\/v2\/media?parent=16090"}],"wp:term":[{"taxonomy":"category","embeddable":true,"href":"https:\/\/www.europesays.com\/ee\/wp-json\/wp\/v2\/categories?post=16090"},{"taxonomy":"post_tag","embeddable":true,"href":"https:\/\/www.europesays.com\/ee\/wp-json\/wp\/v2\/tags?post=16090"}],"curies":[{"name":"wp","href":"https:\/\/api.w.org\/{rel}","templated":true}]}}