{"id":160980,"date":"2026-04-23T15:15:12","date_gmt":"2026-04-23T15:15:12","guid":{"rendered":"https:\/\/www.europesays.com\/ee\/160980\/"},"modified":"2026-04-23T15:15:12","modified_gmt":"2026-04-23T15:15:12","slug":"ootamatu-poore-karl-jakob-hein-voib-jaada-bremeni-werderisse","status":"publish","type":"post","link":"https:\/\/www.europesays.com\/ee\/160980\/","title":{"rendered":"Ootamatu p\u00f6\u00f6re: Karl Jakob Hein v\u00f5ib j\u00e4\u00e4da Bremeni Werderisse"},"content":{"rendered":"<p>Hein liitus Werderiga eelmise aasta augustis aastase laenulepingu alusel. N\u00fc\u00fcdseks on Eesti parima v\u00e4ravavahi hooaeg p\u00f6idlavigastuse t\u00f5ttu l\u00f5ppenud. Oma esimesel hooajal Saksamaa <a rel=\"noopener nofollow\" target=\"_blank\" href=\"https:\/\/www.delfi.ee\/teema\/65378150\/bundesliga\" tag-id=\"65378150\">Bundesligas<\/a> sai Hein kirja vaid kaks kohtumist, seistes postide vahel 29. septembri m\u00e4ngus M\u00fcncheni Bayerniga ja 4. oktoobril vastasseisus St. Pauliga.<\/p>\n<p>Kuigi Hein on terve hooaja t\u00e4itnud Werderis teise v\u00e4ravavahi roll, pole v\u00e4listatud, et ta j\u00e4tkab klubis ka s\u00fcgisest. Nimelt kirjutab Saksamaa ajaleht Bild, et teisip\u00e4eval avaldatud majandusaasta vahearuandest selgus, et Werder on 4,8 miljoni euroga kahjumis. Klubi finantsseisu parandamiseks on \u00fcheks variandiks maha m\u00fc\u00fca esiv\u00e4ravaht <a rel=\"noopener nofollow\" target=\"_blank\" href=\"https:\/\/www.delfi.ee\/teema\/96880234\/mio-backhaus\" tag-id=\"96880234\">Mio Backhaus<\/a>, kelle turuv\u00e4\u00e4rtus on Transfermarkti andmetel 12 miljonit eurot.<\/p>\n<p>Backhaus on oma elu esimesel Bundesliga hooajal saanud praeguseks kirja 28 kohtumist ja hoidnud neist viies Werderi v\u00e4rava puhtana. Meediav\u00e4ljaennete teatel on 22-aastase v\u00e4ravavahi vastu huvi tundmas Milano Inter ja AC Milan ning Inglismaa klubi Brighton, kus on ametis sakslasest peatreener Fabian H\u00fcrzeler.<\/p>\n<p>Kui Backhaus tehakse rahaks, v\u00f5ib Werder palgata Heina meeskonna uueks esiv\u00e4ravavahiks. Portaali Die DeichStube info p\u00f5hjal on Heina lepingus klausel, mis lubab m\u00e4ngija Londoni <a rel=\"noopener nofollow\" target=\"_blank\" href=\"https:\/\/www.delfi.ee\/teema\/25969585\/arsenal\" tag-id=\"25969585\">Arsenalilt<\/a> kolme miljoni euro eest v\u00e4lja osta.<\/p>\n<p>Werderi esindusmeeskonna direktor Peter Niemeyer avaldas, et klubi hoiab v\u00e4ravavahtide turul silmad lahti. \u201eVaatame turul ringi, sest tahame olla valmis igaks stsenaariumiks,\u201c s\u00f5nas ta DeichStubele. \u201ePraegu on meil Mio ja Karli n\u00e4ol tugev duo. Samas pole v\u00e4listatud, et suvel toimuvad muudatused, millele peame reageerima.\u201c<\/p>\n<p>Werderi k\u00e4imasolev hooaeg on kulgenud raskelt. Neli vooru enne Bundesliga l\u00f5ppu hoitakse 31 punktiga 18 meeskonna konkurentsis 15. kohta, mis tagaks liigasse p\u00fcsimaj\u00e4\u00e4mise. Samas 16. kohal paiknevat St. Paulit edestatakse vaid viie punktiga.<\/p>\n<p>Kuidas see lugu Sind end tundma pani? Saada <a href=\"https:\/\/sport.delfi.ee\/artikkel\/120570566\/ootamatu-poore-karl-jakob-hein-voib-jaada-bremeni-werderisse\/kommentaarid\" class=\"article-body-bottom__comment article-body-bottom__comment--write button button--primary button--size-auto\" rel=\"nofollow noopener\" target=\"_blank\"> Kommenteeri <\/a><a href=\"https:\/\/sport.delfi.ee\/artikkel\/120570566\/ootamatu-poore-karl-jakob-hein-voib-jaada-bremeni-werderisse\/kommentaarid\" class=\"article-body-bottom__comment article-body-bottom__comment--read button button--size-auto\" rel=\"nofollow noopener\" target=\"_blank\"> Loe kommentaare (11)<\/a><\/p>\n","protected":false},"excerpt":{"rendered":"Hein liitus Werderiga eelmise aasta augustis aastase laenulepingu alusel. N\u00fc\u00fcdseks on Eesti parima v\u00e4ravavahi hooaeg p\u00f6idlavigastuse t\u00f5ttu l\u00f5ppenud.&hellip;\n","protected":false},"author":2,"featured_media":160981,"comment_status":"","ping_status":"","sticky":false,"template":"","format":"standard","meta":{"footnotes":"","_share_on_mastodon":"0"},"categories":[18],"tags":[1610,526,527,37,33,35,34,36,536,3910,159,158],"class_list":["post-160980","post","type-post","status-publish","format-standard","has-post-thumbnail","category-sport","tag-arsenal","tag-bremeni-werder","tag-bundesliga","tag-ee","tag-eesti","tag-eesti-keel","tag-estonia","tag-estonian","tag-karl-jakob-hein","tag-mio-backhaus","tag-sport","tag-sports"],"share_on_mastodon":{"url":"https:\/\/pubeurope.com\/@ee\/116454681706986507","error":""},"_links":{"self":[{"href":"https:\/\/www.europesays.com\/ee\/wp-json\/wp\/v2\/posts\/160980","targetHints":{"allow":["GET"]}}],"collection":[{"href":"https:\/\/www.europesays.com\/ee\/wp-json\/wp\/v2\/posts"}],"about":[{"href":"https:\/\/www.europesays.com\/ee\/wp-json\/wp\/v2\/types\/post"}],"author":[{"embeddable":true,"href":"https:\/\/www.europesays.com\/ee\/wp-json\/wp\/v2\/users\/2"}],"replies":[{"embeddable":true,"href":"https:\/\/www.europesays.com\/ee\/wp-json\/wp\/v2\/comments?post=160980"}],"version-history":[{"count":0,"href":"https:\/\/www.europesays.com\/ee\/wp-json\/wp\/v2\/posts\/160980\/revisions"}],"wp:featuredmedia":[{"embeddable":true,"href":"https:\/\/www.europesays.com\/ee\/wp-json\/wp\/v2\/media\/160981"}],"wp:attachment":[{"href":"https:\/\/www.europesays.com\/ee\/wp-json\/wp\/v2\/media?parent=160980"}],"wp:term":[{"taxonomy":"category","embeddable":true,"href":"https:\/\/www.europesays.com\/ee\/wp-json\/wp\/v2\/categories?post=160980"},{"taxonomy":"post_tag","embeddable":true,"href":"https:\/\/www.europesays.com\/ee\/wp-json\/wp\/v2\/tags?post=160980"}],"curies":[{"name":"wp","href":"https:\/\/api.w.org\/{rel}","templated":true}]}}