{"id":161002,"date":"2026-04-23T15:37:10","date_gmt":"2026-04-23T15:37:10","guid":{"rendered":"https:\/\/www.europesays.com\/ee\/161002\/"},"modified":"2026-04-23T15:37:10","modified_gmt":"2026-04-23T15:37:10","slug":"ametlik-hispaania-meeskond-liitub-uuel-hooajal-autoralli-mm-sarjaga","status":"publish","type":"post","link":"https:\/\/www.europesays.com\/ee\/161002\/","title":{"rendered":"AMETLIK | Hispaania meeskond liitub uuel hooajal autoralli MM-sarjaga"},"content":{"rendered":"<p>RMC Motorsport esitles oma projekti neljap\u00e4eval Las Palmases enne autoralli MM-sarja Kanaari saarte etapi avakatset. <\/p>\n<p>Uus <a rel=\"noopener nofollow\" target=\"_blank\" href=\"https:\/\/www.delfi.ee\/teema\/23049339\/wrc\" tag-id=\"23049339\">WRC27<\/a> auto ehitatakse tihedas koost\u00f6\u00f6s Hispaania motospordi katusorganisatsiooniga RFEDA. Projekti toetab ka Hispaania spordin\u00f5ukogu, mis on otseselt seotud Hispaania valitsusega. <\/p>\n<p>P\u00f5hja-Hispaanias asuv RMC Motorsport vastutab uue auto disaini, ehituse ja arenduse eest. Meeskond on alates 2017. aastast ehitanud N5-kategooria rallimasinaid ning nad on selles valdkonnas turuliidrid.<\/p>\n<p>\u201eSee projekt esindab RMC arendustee professionaalset kulminatsiooni. Oleme omandanud ulatuslikke kogemusi N5 autode ehitamisel, mis v\u00f5istlevad mitmel kontinendil, ja l\u00e4heneme n\u00fc\u00fcd suure entusiasmiga 2027. aasta Rally1 auto v\u00e4ljat\u00f6\u00f6tamisele,\u201c \u00fctles RMC Motorspordi asutaja Roberto Mendez. <\/p>\n<p>\u201eRFEDA toetus on projekti edu v\u00f5ti. T\u00f6\u00f6tame intensiivselt ja saame peagi jagada uue auto kohta detailsemat tehnilist teavet,\u201c lisas Mendez.<\/p>\n<p>Viimati osales Hispaania meeskond autoralli MM-sarjas tipptasemel aastatel 1998\u20132000, kui ralliteedel kihutasid Seat C\u00f3rdoba WRC autod.<\/p>\n<p>\u201eMe ei saanud m\u00f6\u00f6da lasta FIA pakutud v\u00f5imalust kaasata 2027. aasta Rally1 autode tootmisse sellist firmat nagu RMC. See leping RMC-ga viib ellu ka mitmeid eesm\u00e4rke, mille seadsime juba minu presidendiaja alguses,\u201c \u00fctles RFEDA president Manul Avino. <\/p>\n<p>Rahvusvahelise autoliidu FIA asepresident <a rel=\"noopener nofollow\" target=\"_blank\" href=\"https:\/\/www.delfi.ee\/teema\/62911602\/malcolm-wilson\" tag-id=\"62911602\">Malcolm Wilson<\/a> teatas omalt poolt: \u201eRFEDA ja RMC Motorspordi juhitud projekt on j\u00e4rjekordne julgustav m\u00e4rk FIA autoralli maailmameistriv\u00f5istluste tuleviku kohta. FIA presidendi Mohammed Ben Sulayemi juhtimisel on FIA teinud k\u00f5vasti t\u00f6\u00f6d regulatiivse paketi v\u00e4ljat\u00f6\u00f6tamiseks, mis v\u00f5imaldab sellistel s\u00f5ltumatutel projektidel tootjatega v\u00f5rdsetel tingimustel konkureerida, ning on rahuldust pakkuv n\u00e4ha, et see t\u00f6\u00f6 meelitab meistriv\u00f5istlustele uusi osalejaid.\u201c<\/p>\n<p>T\u00e4navusel hooajal l\u00f6\u00f6vad WRC p\u00f5hiklassis kaasa vaid kolm meeskonda &#8211; tehasetiimid Toyota ja Hyundai ning erameeskond M-Sport (Ford).<\/p>\n<p>Kuidas see lugu Sind end tundma pani? Saada <a href=\"https:\/\/sport.delfi.ee\/artikkel\/120570682\/ametlik-hispaania-meeskond-liitub-uuel-hooajal-autoralli-mm-sarjaga\/kommentaarid\" class=\"article-body-bottom__comment article-body-bottom__comment--write button button--primary button--size-auto\" rel=\"nofollow noopener\" target=\"_blank\"> Kommenteeri <\/a><a href=\"https:\/\/sport.delfi.ee\/artikkel\/120570682\/ametlik-hispaania-meeskond-liitub-uuel-hooajal-autoralli-mm-sarjaga\/kommentaarid\" class=\"article-body-bottom__comment article-body-bottom__comment--read button button--size-auto\" rel=\"nofollow noopener\" target=\"_blank\"> Loe kommentaare <\/a><\/p>\n","protected":false},"excerpt":{"rendered":"RMC Motorsport esitles oma projekti neljap\u00e4eval Las Palmases enne autoralli MM-sarja Kanaari saarte etapi avakatset. Uus WRC27 auto&hellip;\n","protected":false},"author":2,"featured_media":161003,"comment_status":"","ping_status":"","sticky":false,"template":"","format":"standard","meta":{"footnotes":"","_share_on_mastodon":"0"},"categories":[18],"tags":[1526,37,33,35,34,36,9017,159,158,1192],"class_list":["post-161002","post","type-post","status-publish","format-standard","has-post-thumbnail","category-sport","tag-autoralli","tag-ee","tag-eesti","tag-eesti-keel","tag-estonia","tag-estonian","tag-malcolm-wilson","tag-sport","tag-sports","tag-wrc"],"share_on_mastodon":{"url":"https:\/\/pubeurope.com\/@ee\/116454768171927319","error":""},"_links":{"self":[{"href":"https:\/\/www.europesays.com\/ee\/wp-json\/wp\/v2\/posts\/161002","targetHints":{"allow":["GET"]}}],"collection":[{"href":"https:\/\/www.europesays.com\/ee\/wp-json\/wp\/v2\/posts"}],"about":[{"href":"https:\/\/www.europesays.com\/ee\/wp-json\/wp\/v2\/types\/post"}],"author":[{"embeddable":true,"href":"https:\/\/www.europesays.com\/ee\/wp-json\/wp\/v2\/users\/2"}],"replies":[{"embeddable":true,"href":"https:\/\/www.europesays.com\/ee\/wp-json\/wp\/v2\/comments?post=161002"}],"version-history":[{"count":0,"href":"https:\/\/www.europesays.com\/ee\/wp-json\/wp\/v2\/posts\/161002\/revisions"}],"wp:featuredmedia":[{"embeddable":true,"href":"https:\/\/www.europesays.com\/ee\/wp-json\/wp\/v2\/media\/161003"}],"wp:attachment":[{"href":"https:\/\/www.europesays.com\/ee\/wp-json\/wp\/v2\/media?parent=161002"}],"wp:term":[{"taxonomy":"category","embeddable":true,"href":"https:\/\/www.europesays.com\/ee\/wp-json\/wp\/v2\/categories?post=161002"},{"taxonomy":"post_tag","embeddable":true,"href":"https:\/\/www.europesays.com\/ee\/wp-json\/wp\/v2\/tags?post=161002"}],"curies":[{"name":"wp","href":"https:\/\/api.w.org\/{rel}","templated":true}]}}