{"id":161059,"date":"2026-04-23T16:54:08","date_gmt":"2026-04-23T16:54:08","guid":{"rendered":"https:\/\/www.europesays.com\/ee\/161059\/"},"modified":"2026-04-23T16:54:08","modified_gmt":"2026-04-23T16:54:08","slug":"doris-tilga-teekond-filmirollideni-pole-olnud-lihtne-anne-on-tore-asi-aga-olen-pidanud-endaga-palju-tood-tegema","status":"publish","type":"post","link":"https:\/\/www.europesays.com\/ee\/161059\/","title":{"rendered":"Doris Tilga teekond filmirollideni pole olnud lihtne: anne on tore asi, aga olen pidanud endaga palju t\u00f6\u00f6d tegema"},"content":{"rendered":"<p>Dorise tee teatrikunsti juurde sai alguse, kui ta oli 13aastane. Oma esimese rolli filmis \u201eMina olin siin\u201c tegi ta samuti teismelisena ja sellel ajal hakkas temas t\u00e4rkama \u00fcha tugevam side n\u00e4itlemisega. T\u00e4na on ta Eesti Noorsooteatri n\u00e4itleja, kuid tema teekond selle ametini ei kulgenud m\u00f6\u00f6da klassikalist rada.<\/p>\n<p>\u201eMa ei ole l\u00f5petanud lavakunstikooli ega Viljandi kultuuriakadeemiat. Seal taga on kindlasti palju t\u00f6\u00f6d, mida olen teinud iseendaga. Anne on k\u00fcll tore asi, kuid sellest hoolimata teen ma v\u00e4ga palju t\u00f6\u00f6d. Olen end ise koolitanud ja osalenud erinevatel workshop\u2019idel. Samuti andis mulle p\u00e4rast keskkooli Rootsis \u00f5ppimine tugeva p\u00f5hja,\u201c m\u00f5tiskleb Doris.<\/p>\n<p>Oled juba tellija?Logi sisse<\/p>\n<p><a href=\"https:\/\/kroonika.delfi.ee\/artikkel\/120570545\/doris-tilga-teekond-filmirollideni-pole-olnud-klassikaline-anne-on-tore-asi-aga-olen-pidanud-endaga-palju-tood-tegema\/kommentaarid\" class=\"article-body-bottom__comment article-body-bottom__comment--write button button--primary button--size-auto\" rel=\"nofollow noopener\" target=\"_blank\"> Kommenteeri <\/a><a href=\"https:\/\/kroonika.delfi.ee\/artikkel\/120570545\/doris-tilga-teekond-filmirollideni-pole-olnud-klassikaline-anne-on-tore-asi-aga-olen-pidanud-endaga-palju-tood-tegema\/kommentaarid\" class=\"article-body-bottom__comment article-body-bottom__comment--read button button--size-auto\" rel=\"nofollow noopener\" target=\"_blank\"> Loe kommentaare (3)<\/a><\/p>\n","protected":false},"excerpt":{"rendered":"Dorise tee teatrikunsti juurde sai alguse, kui ta oli 13aastane. Oma esimese rolli filmis \u201eMina olin siin\u201c tegi&hellip;\n","protected":false},"author":2,"featured_media":161060,"comment_status":"","ping_status":"","sticky":false,"template":"","format":"standard","meta":{"footnotes":"","_share_on_mastodon":"0"},"categories":[16],"tags":[75489,37,33,35,56099,173,34,36,140,989,26283],"class_list":["post-161059","post","type-post","status-publish","format-standard","has-post-thumbnail","category-meelelahutus","tag-doris-tilk","tag-ee","tag-eesti","tag-eesti-keel","tag-efta","tag-entertainment","tag-estonia","tag-estonian","tag-meelelahutus","tag-naitleja","tag-noorsooteater"],"share_on_mastodon":{"url":"https:\/\/pubeurope.com\/@ee\/116455070880671319","error":""},"_links":{"self":[{"href":"https:\/\/www.europesays.com\/ee\/wp-json\/wp\/v2\/posts\/161059","targetHints":{"allow":["GET"]}}],"collection":[{"href":"https:\/\/www.europesays.com\/ee\/wp-json\/wp\/v2\/posts"}],"about":[{"href":"https:\/\/www.europesays.com\/ee\/wp-json\/wp\/v2\/types\/post"}],"author":[{"embeddable":true,"href":"https:\/\/www.europesays.com\/ee\/wp-json\/wp\/v2\/users\/2"}],"replies":[{"embeddable":true,"href":"https:\/\/www.europesays.com\/ee\/wp-json\/wp\/v2\/comments?post=161059"}],"version-history":[{"count":0,"href":"https:\/\/www.europesays.com\/ee\/wp-json\/wp\/v2\/posts\/161059\/revisions"}],"wp:featuredmedia":[{"embeddable":true,"href":"https:\/\/www.europesays.com\/ee\/wp-json\/wp\/v2\/media\/161060"}],"wp:attachment":[{"href":"https:\/\/www.europesays.com\/ee\/wp-json\/wp\/v2\/media?parent=161059"}],"wp:term":[{"taxonomy":"category","embeddable":true,"href":"https:\/\/www.europesays.com\/ee\/wp-json\/wp\/v2\/categories?post=161059"},{"taxonomy":"post_tag","embeddable":true,"href":"https:\/\/www.europesays.com\/ee\/wp-json\/wp\/v2\/tags?post=161059"}],"curies":[{"name":"wp","href":"https:\/\/api.w.org\/{rel}","templated":true}]}}