{"id":161169,"date":"2026-04-23T19:56:16","date_gmt":"2026-04-23T19:56:16","guid":{"rendered":"https:\/\/www.europesays.com\/ee\/161169\/"},"modified":"2026-04-23T19:56:16","modified_gmt":"2026-04-23T19:56:16","slug":"trumpi-kosjasobitaja-votke-itaalia-iraani-asemel-mmile-itaallased-solvav-kohatu-ja-habivaarne-ettepanek-soccernet-ee","status":"publish","type":"post","link":"https:\/\/www.europesays.com\/ee\/161169\/","title":{"rendered":"Trumpi kosjasobitaja: v\u00f5tke Itaalia Iraani asemel MMile! Itaallased: solvav, kohatu ja h\u00e4biv\u00e4\u00e4rne ettepanek &#8211; Soccernet.ee"},"content":{"rendered":"<p><img decoding=\"async\" src=\"https:\/\/www.europesays.com\/ee\/wp-content\/uploads\/2026\/01\/1759488125.jpg\" alt=\"Donald Trump ja Gianni Infantino ei t\u00f5tta siiski MM-p\u00e4\u00e4smeid oma suva j\u00e4rgi laiali jagama. Foto: Scanpix \/ Annabelle Gordon \/ Pool via CNP \/ SIPA\"\/>&#13;\n<\/p>\n<p>&#8220;V\u00f5in kinnitada, et tegin Donald Trumpile ja Gianni Infantinole ettepaneku &#8211; Iraani asemel v\u00f5iks suvisel MM-il m\u00e4ngida Itaalia koondis.&#8221;<\/p>\n<p>Nii kuulutas m\u00f5ne p\u00e4eva eest Financial Timesiga vestelnud Paolo Zampolli, USA presidendi erisaadik \u00fclemaailmsete suhete alal. FIFA president Infantino pidi seepeale kinnitama, et MM-il osalejad m\u00e4\u00e4rab siiski FIFA ja praegu pole maailmapoliitilisest olukorrast s\u00f5ltumata mingit p\u00f5hjust kahelda, et suurturniiril teeb kaasa Iraan, mitte sealt kolmandat korda j\u00e4rjest eemale j\u00e4\u00e4nud Itaalia.&#13;\n<\/p>\n<p>&#8220;Olen Itaaliast p\u00e4rit ja nende meeskonna n\u00e4gemine USA-s toimuval oleks nagu unistus. Nelja MM-tiitliga on nad finaalturniirile p\u00e4\u00e4semise \u00e4ra teeninud,&#8221; kuulutas Zampolli. FIFA keeldus tema s\u00f5nav\u00f5ttu ametlikult kommenteerimast, kuid toonitas uuesti Infantino eelmise n\u00e4dala s\u00f5nav\u00f5ttu. Seal oli jalgpallijuht \u00f6elnud v\u00e4lja lihtsa lause: &#8220;Iraan tuleb, p\u00e4ris kindlasti.&#8221;&#13;\n<\/p>\n<p>K\u00fcll vastas Zampolli ettepanekule ametlikult Iraani saatkond. &#8220;Itaalia on k\u00f5rge hinnangu v\u00e4lja teeninud t\u00e4nu jalgpalliv\u00e4ljakul kordasaadetule, mitte t\u00e4nu poliitilistele privileegidele. Katse Iraani MM-ilt k\u00f5rvale l\u00fckata viitab Ameerika \u00dchendriikide &#8220;moraalsele pankrotistumisele&#8221; &#8211; nad kardavad isegi 11 noort iraanlast jalgpallimurul,&#8221; ei hoitud avalduses v\u00e4rvikustega tagasi.<\/p>\n<blockquote class=\"twitter-tweet\"><p>&#13;<\/p>\n<p lang=\"en\" dir=\"ltr\">A top envoy to Donald Trump suggested the swap to Fifa president Gianni Infantino and the US president, as leader of the country co-hosting the tournament, arguing that Italy\u2019s four World Cup titles in the tournament&#8217;s history justify awarding it the slot. <a href=\"https:\/\/t.co\/yWT7LQrbNG\" rel=\"nofollow\">https:\/\/t.co\/yWT7LQrbNG<\/a> <a href=\"https:\/\/t.co\/Dcj8ohrOfs\" rel=\"nofollow\">pic.twitter.com\/Dcj8ohrOfs<\/a>&#13;<br \/>\n\u2014 Financial Times (@FT) <a href=\"https:\/\/twitter.com\/FT\/status\/2047062306840772811?ref_src=twsrc%5Etfw\" rel=\"nofollow noopener\" target=\"_blank\">April 22, 2026<\/a><\/p>\n<\/blockquote>\n<p>Financial Timesi s\u00f5nul tahtis Zampolli eesk\u00e4tt siluda USA ja Itaalia vahelisi suhteid. Need pingestusid hiljuti, kui Donald Trump v\u00f5ttis ebaviisakalt s\u00f5na paavst Leo XIV aadressil ja Itaalia peaminister Giorgia Meloni teda omakorda selle eest kritiseeris.<\/p>\n<p>Itaalia j\u00e4i MM-ilt kolmandat korda j\u00e4rjest k\u00f5rvale, sest kaotas otsustavas valikm\u00e4ngus Bosnia ja Hertsegoviina koondisele. \u00dchtekokku seitsmendat korda ja juba neljandat turniiri j\u00e4rjest MM-p\u00e4\u00e4sme lunastanud Iraan alustab praeguse ajakava j\u00e4rgi turniiri 15. juunil Los Angeleses Uus-Meremaa vastu. Sealsamas m\u00e4ngitakse 21. juunil ka Belgiaga ning 26. juunil minnakse Seattle&#8217;is peetavas viimases alagrupim\u00e4ngus vastamisi Egiptusega.&#13;\n<\/p>\n<p>FIFA reglement n\u00e4eb ette, et juhul, kui m\u00f5ni v\u00f5istkond t\u00f5epoolest turniiril osalemisest loobub v\u00f5i sealt k\u00f5rvaldatakse, kuulub asendaja \u00fcle otsustamise osas ainu\u00f5igus FIFA-le. MM-i reegliteraamatu kuues punkt \u00fctleb, aga, et \u00fchtlasi on neil \u00f5igus \u00fcks osalev alaliit teisega asendada.&#13;\n<\/p>\n<p>Eelmisel n\u00e4dalal Iraani olukorrast r\u00e4\u00e4kinud Infantino lausus ajakirjanikele j\u00e4rgmist: &#8220;Loodame, et turniiri toimumise ajaks valitseb juba rahu. Sellest oleks kindlasti abi. Aga kui Iraan tahab oma rahvast esindada, peavad nad turniirile tulema. Nad on sinna kvalifitseerunud ja tegu on ju tegelikult p\u00e4ris hea meeskonnaga. Nad tahavad m\u00e4ngida ja peaksid m\u00e4ngima. \u00c4rme segame sporti ja poliitikat.&#8221;&#13;\n<\/p>\n<blockquote class=\"twitter-tweet\"><p>&#13;<\/p>\n<p lang=\"it\" dir=\"ltr\">L\u2019impossibile possibilit\u00e0 che l\u2019<a href=\"https:\/\/twitter.com\/hashtag\/Italia?src=hash&amp;ref_src=twsrc%5Etfw\" rel=\"nofollow noopener\" target=\"_blank\">#Italia<\/a> vada ai <a href=\"https:\/\/twitter.com\/hashtag\/Mondiali?src=hash&amp;ref_src=twsrc%5Etfw\" rel=\"nofollow noopener\" target=\"_blank\">#Mondiali<\/a>: siamo riusciti a farci fare la morale da Infantino<\/p>\n<p>&#8220;Lo sport deve rimanere separato dalla politica&#8221;, ha detto Infantino. &#8220;L&#8217;Iran giocher\u00e0 ai Mondiali, non esiste un piano B&#8221;<a href=\"https:\/\/t.co\/R4W1y9K3U3\" rel=\"nofollow\">https:\/\/t.co\/R4W1y9K3U3<\/a>&#13;<br \/>\n\u2014 il Napolista (@napolista) <a href=\"https:\/\/twitter.com\/napolista\/status\/2047314710823936230?ref_src=twsrc%5Etfw\" rel=\"nofollow noopener\" target=\"_blank\">April 23, 2026<\/a><\/p>\n<\/blockquote>\n<p>M\u00e4rtsis kohtus Infantino Iraani meeskonnaga T\u00fcrgis ja kinnitas, et nende alagrupim\u00e4ngud peetakse siiski kindlasti USA pinnal. Iraani alaliit oli nimelt \u00fcritanud asuda FIFA-ga l\u00e4bir\u00e4\u00e4kimistesse, et Iraani m\u00e4ngud liigutatakse Mehhikosse, kuid see plaan l\u00fckati kiirelt tagasi.&#13;\n<\/p>\n<p>Kuigi Iraani leerist on s\u00f5ja puhkemise j\u00e4rel k\u00f5lanud turvalisusele viidates ka s\u00f5numeid, et koondis ei peaks MM-ile s\u00f5itma, on v\u00e4rske seisukoht siiski vastupidine. Alles m\u00f5ne p\u00e4eva eest \u00fctles valitsuse esindaja Fatemeh Mohajerani telekanalile Al Jazeera, et meeskond on &#8220;t\u00e4ielikult valmis&#8221; MM-il osalema. Trump on endale omaselt aja jooksul seisukohta vahetanud, \u00f6eldes korra, et Iraan on &#8220;teretulnud&#8221;, aga lisades peagi, et iraanlastel on USA-s &#8220;p\u00f5hjust oma turvalisuse p\u00e4rast karta&#8221;.<\/p>\n<p>Itaalia almusi ei taha&#13;\n<\/p>\n<p>Zampolli ettepanek ei leidnud siiski erilist toetust ka Itaalias, pigem otse vastupidi. &#8220;H\u00e4biv\u00e4\u00e4rne pakkumine,&#8221; m\u00e4rkis majandusminister Giancarlo Giorgetti, sellal kui spordiminister Andrea Abodi lausus La Pressile: &#8220;Esiteks ei ole see v\u00f5imalik ja teiseks ei ole see kohane. MM-ile kvalifitseerutakse siiski v\u00e4ljakul.&#8221; Sama m\u00f5tet kordas veidi teises s\u00f5nastuses Itaalia Ol\u00fcmpiakomitee president Luciano Buonfiglio. &#8220;MM-ile p\u00e4\u00e4s tuleb v\u00e4lja teenida. Praegune l\u00e4henemine on solvav,&#8221; s\u00f5nas ta.&#13;\n<\/p>\n<blockquote class=\"twitter-tweet\"><p>&#13;<\/p>\n<p lang=\"en\" dir=\"ltr\">Italian officials have taken a clear stance following the recent calls for Italy to replace Iran at the upcoming 2026 World Cup: \u2018It\u2019s not appropriate, you qualify on the pitch\u2019. <a href=\"https:\/\/t.co\/39r3Rr1IHB\" rel=\"nofollow\">pic.twitter.com\/39r3Rr1IHB<\/a>&#13;<br \/>\n\u2014 Football Italia (@footballitalia) <a href=\"https:\/\/twitter.com\/footballitalia\/status\/2047316022693142557?ref_src=twsrc%5Etfw\" rel=\"nofollow noopener\" target=\"_blank\">April 23, 2026<\/a><\/p>\n<\/blockquote>\n<p>Tegu pole esimese korraga, kui Zampolli \u00fcritab oma lemmikuid MM-ile suruda. T\u00e4pselt samasuguse idee Itaalia kaasamiseks tegi ta ka 2022. aastal Kataris peetud MM-i eel, olles toona veel ametis \u00dcRO suursaadikuna. 56-aastase itaallase taust on leebelt \u00f6eldes omap\u00e4rane. Milanos s\u00fcndinuna v\u00f5ttis ta esialgu \u00fcle suusa\u00f5nnetuses hukkunud isale kuulunud m\u00e4nguasjafirma, kuid liikus edasi Silvio Berlusconi omanduses olnud moeettev\u00f5ttesse.<\/p>\n<p>24-aastaselt kolis Zampolli USA-sse ja keskendus modelliagentuuri vedamisele, tutvudes peagi ka Donald Trumpiga. Just Zampolli tutvustas toonasele \u00e4rimehele ja praegusele presidendile sloveenlannat Melania Knaussi, kellest sai peagi Trumpi abikaasa. Moe- ja modelli\u00e4rist siirdus Zampolli tasapisi poliitikasse, olles end viimaste aastate jooksul ehtinud mitmete p\u00e4ristiitlitega, aga hoobelnud lisaks ka v\u00f5rdlemisi kaheldava v\u00e4\u00e4rtusega saavutustega.&#13;\n<\/p>\n<p>Mitmeid k\u00fcsitava v\u00e4\u00e4rtusega seiku leidub ka Zampolli eraelus. Tema nimi k\u00e4is korduvalt l\u00e4bi seksuaalkurjategija Jeffrey Epsteini toimikutest, sest ta liikus aastaid Epsteiniga samades ringkondades. Mullu jaanuaris esitas Zampoli aga immigratsiooniameti ICE juhtivametnikule palve pidada kinni tema brasiillannast eksabikaasa Amanda Ungaro. V\u00f5imud v\u00f5tsidki Ungaro vahi alla, s\u00fc\u00fcdistasid teda litsentsita kosmeetiliste protseduuride l\u00e4biviimises ning saatsid brasiillanna riigist v\u00e4lja. Zampoli eesm\u00e4rgiks oli saada enda nimele tema ja Ungaro \u00fchise poja t\u00e4ielik hooldus\u00f5igus.&#13;\n<\/p>\n<p><script async src=\"https:\/\/platform.twitter.com\/widgets.js\" charset=\"utf-8\"><\/script><\/p>\n","protected":false},"excerpt":{"rendered":"&#13; &#8220;V\u00f5in kinnitada, et tegin Donald Trumpile ja Gianni Infantinole ettepaneku &#8211; Iraani asemel v\u00f5iks suvisel MM-il m\u00e4ngida&hellip;\n","protected":false},"author":2,"featured_media":81061,"comment_status":"","ping_status":"","sticky":false,"template":"","format":"standard","meta":{"footnotes":"","_share_on_mastodon":"0"},"categories":[5],"tags":[26,27,324,37,33,35,34,36,31,32,3223,3224,21,7686,1925,109,28,29,6890,19,75522,25,23,24,463,22,20,30,75523],"class_list":["post-161169","post","type-post","status-publish","format-standard","has-post-thumbnail","category-uldised-uudised","tag-breaking-news","tag-breakingnews","tag-donald-trump","tag-ee","tag-eesti","tag-eesti-keel","tag-estonia","tag-estonian","tag-featured-news","tag-featurednews","tag-fifa","tag-gianni-infantino","tag-headlines","tag-infantino","tag-iraan","tag-itaalia","tag-latest-news","tag-latestnews","tag-mm2026","tag-news","tag-paolo-zampolli","tag-populaarseimad-lood","tag-top-stories","tag-topstories","tag-trump","tag-uldised-uudised","tag-uudised","tag-viimased-uudised","tag-zampolli"],"share_on_mastodon":{"url":"https:\/\/pubeurope.com\/@ee\/116455786607381039","error":""},"_links":{"self":[{"href":"https:\/\/www.europesays.com\/ee\/wp-json\/wp\/v2\/posts\/161169","targetHints":{"allow":["GET"]}}],"collection":[{"href":"https:\/\/www.europesays.com\/ee\/wp-json\/wp\/v2\/posts"}],"about":[{"href":"https:\/\/www.europesays.com\/ee\/wp-json\/wp\/v2\/types\/post"}],"author":[{"embeddable":true,"href":"https:\/\/www.europesays.com\/ee\/wp-json\/wp\/v2\/users\/2"}],"replies":[{"embeddable":true,"href":"https:\/\/www.europesays.com\/ee\/wp-json\/wp\/v2\/comments?post=161169"}],"version-history":[{"count":0,"href":"https:\/\/www.europesays.com\/ee\/wp-json\/wp\/v2\/posts\/161169\/revisions"}],"wp:featuredmedia":[{"embeddable":true,"href":"https:\/\/www.europesays.com\/ee\/wp-json\/wp\/v2\/media\/81061"}],"wp:attachment":[{"href":"https:\/\/www.europesays.com\/ee\/wp-json\/wp\/v2\/media?parent=161169"}],"wp:term":[{"taxonomy":"category","embeddable":true,"href":"https:\/\/www.europesays.com\/ee\/wp-json\/wp\/v2\/categories?post=161169"},{"taxonomy":"post_tag","embeddable":true,"href":"https:\/\/www.europesays.com\/ee\/wp-json\/wp\/v2\/tags?post=161169"}],"curies":[{"name":"wp","href":"https:\/\/api.w.org\/{rel}","templated":true}]}}