{"id":161260,"date":"2026-04-23T23:54:09","date_gmt":"2026-04-23T23:54:09","guid":{"rendered":"https:\/\/www.europesays.com\/ee\/161260\/"},"modified":"2026-04-23T23:54:09","modified_gmt":"2026-04-23T23:54:09","slug":"palgapaeva-119-minutit-oodanud-karikakaitsja-soidab-berliini-bayernit-murdma-soccernet-ee","status":"publish","type":"post","link":"https:\/\/www.europesays.com\/ee\/161260\/","title":{"rendered":"Palgap\u00e4eva 119 minutit oodanud karikakaitsja s\u00f5idab Berliini Bayernit murdma &#8211; Soccernet.ee"},"content":{"rendered":"<p><img decoding=\"async\" src=\"https:\/\/www.europesays.com\/ee\/wp-content\/uploads\/2026\/04\/1776979157.jpg\" alt=\"Tiago Tomas kerkis Stuttgarti kangelaseks. Foto: Scanpix \/ Tom Weller \/ dpa via AP\"\/>&#13;\n<\/p>\n<p>Saksamaa karikafinaalis kohtuvad t\u00e4navu v\u00e4rske meister M\u00fcncheni Bayern ja karikakaitsja Stuttgart, kes sai dramaatilises poolfinaalis lisaajal jagu Freiburgist.<\/p>\n<p>Avapoolajal piisas Freiburgile juhtima minekuks \u00fchest nurgal\u00f6\u00f6gist, mille j\u00e4rel Maximilian Eggestein palli peaga sihile k\u00f5ksas. Teist poolaega valitses juba kodumeeskond ja kuigi Angelo Stilleri v\u00e4rav v\u00f5eti neilt suluseisu t\u00f5ttu alustuseks \u00e4ra, suutis Deniz Undav 70. minutil viigistada. Normaalaja l\u00f5pus oli v\u00f5\u00f5rustajatel veel ohtralt v\u00f5imalusi finaalikoht kindlustada, aga ebat\u00e4pne sihik ja Freiburgi v\u00e4ravavahi Florian M\u00fclleri hiilgav tegutsemine viisid lahenduse lisaajale.&#13;\n<\/p>\n<p>Selle alustuseks tegi Stuttgarti peatreener Sebastian Hoeness otsustava k\u00e4igu, ent selle rakendumist tuli siiski veel pool tundi oodata. Nimelt saabus varumeeste pingilt v\u00e4ljakule Tiago Tomas, kes sai 119. minutil hakkama sellega, mida kaaslased enne polnud suutnud. 23-aastane portugallane suunas Bilal El Khannoussi s\u00f6\u00f6du efektselt kannaga v\u00f5rku ja vallandas kodupubliku r\u00f5\u00f5mupeo &#8211; 2:1.&#13;\n<\/p>\n<blockquote class=\"twitter-tweet\"><p>&#13;<\/p>\n<p lang=\"de\" dir=\"ltr\">BERLIN, BERLIN! WIR FAHREN NACH BERLIN!<a href=\"https:\/\/twitter.com\/hashtag\/VfB?src=hash&amp;ref_src=twsrc%5Etfw\" rel=\"nofollow noopener\" target=\"_blank\">#VfB<\/a> | <a href=\"https:\/\/twitter.com\/hashtag\/VfB1893?src=hash&amp;ref_src=twsrc%5Etfw\" rel=\"nofollow noopener\" target=\"_blank\">#VfB1893<\/a> | <a href=\"https:\/\/twitter.com\/hashtag\/Bundesliga?src=hash&amp;ref_src=twsrc%5Etfw\" rel=\"nofollow noopener\" target=\"_blank\">#Bundesliga<\/a> | <a href=\"https:\/\/twitter.com\/hashtag\/VfBSCF?src=hash&amp;ref_src=twsrc%5Etfw\" rel=\"nofollow noopener\" target=\"_blank\">#VfBSCF<\/a> 2:1 (120.) <a href=\"https:\/\/t.co\/HzFNmg8eJa\" rel=\"nofollow\">pic.twitter.com\/HzFNmg8eJa<\/a>&#13;<br \/>\n\u2014 VfB Stuttgart 1893 (@VfB) <a href=\"https:\/\/twitter.com\/VfB\/status\/2047428308783001950?ref_src=twsrc%5Etfw\" rel=\"nofollow noopener\" target=\"_blank\">April 23, 2026<\/a><\/p>\n<\/blockquote>\n<p>Mullu tegi Stuttgart Berliini Ol\u00fcmpiastaadionil 4:2 skooriga l\u00f5pu kolmanda liiga klubi Bielefeldi Arminia unistusele ja t\u00f5stis karika p\u00e4rast 1997. aastat taas pea kohale. T\u00e4navuses finaalis ootab aga ees hoopis k\u00f5vem, \u00f5igemini maksimaalse tugevusega p\u00e4hkel, sest teisest poolfinaalist murdis 2:0 paremusega edasi M\u00fcncheni Bayern. Liigatiitli \u00e4sja juba kindlustanud ja ka Meistrite liigas nelja parema sekka j\u00f5udnud Bayern jahib t\u00e4navu taas \u0161anssi viia koju k\u00f5ik kolm suurimat v\u00f5imalikku karikat.&#13;\n<\/p>\n<p>Klubi ajaloos kaheksandat korda finaali j\u00f5udnud Stuttgart on seal neli korda v\u00f5idutsenud ja kolmel puhul kaotajana platsilt lahkunud. Seejuures saadi kaks kaotust just Bayernilt, kes j\u00e4i 1986. aastal peale 5:2 ja 2013. aastal 3:2. Kui aga finaal peaks minema lisaajale, soosib statistika juba Stuttgarti. Nimelt on nad koos t\u00e4navuse poolfinaaliga suutnud karikasarjas v\u00f5ita koguni seitse viimast m\u00e4ngu, kus v\u00f5itja selgitamiseks on vajatud lisaaja abi.<\/p>\n<blockquote class=\"twitter-tweet\"><p>&#13;<\/p>\n<p lang=\"de\" dir=\"ltr\">7 &#8211; Der VfB Stuttgart entschied die letzten 7 Pokalspiele, in denen es in die Verl\u00e4ngerung ging, allesamt f\u00fcr sich. Ausdauer. <a href=\"https:\/\/twitter.com\/hashtag\/VFBSCF?src=hash&amp;ref_src=twsrc%5Etfw\" rel=\"nofollow noopener\" target=\"_blank\">#VFBSCF<\/a> <a href=\"https:\/\/t.co\/glUkavJl0R\" rel=\"nofollow\">pic.twitter.com\/glUkavJl0R<\/a>&#13;<br \/>\n\u2014 OptaFranz (@OptaFranz) <a href=\"https:\/\/twitter.com\/OptaFranz\/status\/2047428439238422868?ref_src=twsrc%5Etfw\" rel=\"nofollow noopener\" target=\"_blank\">April 23, 2026<\/a><\/p>\n<\/blockquote>\n<p>Stuttgart &#8211; Freiburg 2:1 (0:1)<br \/>&#13;<br \/>\n70. Deniz Undav, 119. Tiago Tomas &#8211; 28. Maximilian Eggestein<\/p>\n<p>          <script async src=\"https:\/\/platform.twitter.com\/widgets.js\" charset=\"utf-8\"><\/script><\/p>\n","protected":false},"excerpt":{"rendered":"&#13; Saksamaa karikafinaalis kohtuvad t\u00e4navu v\u00e4rske meister M\u00fcncheni Bayern ja karikakaitsja Stuttgart, kes sai dramaatilises poolfinaalis lisaajal jagu&hellip;\n","protected":false},"author":2,"featured_media":161261,"comment_status":"","ping_status":"","sticky":false,"template":"","format":"standard","meta":{"footnotes":"","_share_on_mastodon":"0"},"categories":[18],"tags":[525,16304,37,33,35,34,36,528,51,159,158,1003,75568],"class_list":["post-161260","post","type-post","status-publish","format-standard","has-post-thumbnail","category-sport","tag-bayern","tag-dfb-pokal","tag-ee","tag-eesti","tag-eesti-keel","tag-estonia","tag-estonian","tag-freiburg","tag-saksamaa","tag-sport","tag-sports","tag-stuttgart","tag-tiago-tomas"],"share_on_mastodon":{"url":"https:\/\/pubeurope.com\/@ee\/116456722643080990","error":""},"_links":{"self":[{"href":"https:\/\/www.europesays.com\/ee\/wp-json\/wp\/v2\/posts\/161260","targetHints":{"allow":["GET"]}}],"collection":[{"href":"https:\/\/www.europesays.com\/ee\/wp-json\/wp\/v2\/posts"}],"about":[{"href":"https:\/\/www.europesays.com\/ee\/wp-json\/wp\/v2\/types\/post"}],"author":[{"embeddable":true,"href":"https:\/\/www.europesays.com\/ee\/wp-json\/wp\/v2\/users\/2"}],"replies":[{"embeddable":true,"href":"https:\/\/www.europesays.com\/ee\/wp-json\/wp\/v2\/comments?post=161260"}],"version-history":[{"count":0,"href":"https:\/\/www.europesays.com\/ee\/wp-json\/wp\/v2\/posts\/161260\/revisions"}],"wp:featuredmedia":[{"embeddable":true,"href":"https:\/\/www.europesays.com\/ee\/wp-json\/wp\/v2\/media\/161261"}],"wp:attachment":[{"href":"https:\/\/www.europesays.com\/ee\/wp-json\/wp\/v2\/media?parent=161260"}],"wp:term":[{"taxonomy":"category","embeddable":true,"href":"https:\/\/www.europesays.com\/ee\/wp-json\/wp\/v2\/categories?post=161260"},{"taxonomy":"post_tag","embeddable":true,"href":"https:\/\/www.europesays.com\/ee\/wp-json\/wp\/v2\/tags?post=161260"}],"curies":[{"name":"wp","href":"https:\/\/api.w.org\/{rel}","templated":true}]}}