{"id":161574,"date":"2026-04-24T09:04:09","date_gmt":"2026-04-24T09:04:09","guid":{"rendered":"https:\/\/www.europesays.com\/ee\/161574\/"},"modified":"2026-04-24T09:04:09","modified_gmt":"2026-04-24T09:04:09","slug":"kas-guardiola-ikkagi-laheb-cityl-on-voimalik-uus-peatreener-peaaegu-paigas-soccernet-ee","status":"publish","type":"post","link":"https:\/\/www.europesays.com\/ee\/161574\/","title":{"rendered":"Kas Guardiola ikkagi l\u00e4heb? Cityl on v\u00f5imalik uus peatreener peaaegu paigas &#8211; Soccernet.ee"},"content":{"rendered":"<p><img decoding=\"async\" src=\"https:\/\/www.europesays.com\/ee\/wp-content\/uploads\/2026\/04\/1777011177.jpg\" alt=\"Vanad s\u00f5brad: Enzo Maresca on valmis Pep Guardiolalt peatreeneritooli \u00fcle v\u00f5tma. Foto: Scanpix \/ Scott Heppell \/ AP Photo\"\/>&#13;\n<\/p>\n<p>Mis saab Manchester Cityst siis, kui Pep Guardiola peaks l\u00f5puks ameti maha panema? Lihtne &#8211; asemele tuleb pealtn\u00e4ha samasugune mees!<\/p>\n<p>Nali naljaks, ent City treenerikandidaadiks number \u00fcks on t\u00f5epoolest kerkinud Enzo Maresca, kes t\u00e4navu jaanuaris Chelsea t\u00fc\u00fcri juurest lahkus. The Guardiani andmetel valmistutakse Citys tasapisi v\u00f5imaluseks, et Guardiola panebki k\u00e4esoleva hooaja l\u00f5ppedes ameti maha, kuigi \u00fchtegi ametlikku ega isegi poolametlikku teadet pole selle kohta veel tulnud.&#13;\n<\/p>\n<p>V\u00e4ljaande s\u00f5nul on klubi ja Maresca esindajad juba pidanud eell\u00e4bir\u00e4\u00e4kimisi. Ainsaks takistuseks v\u00f5ib saada asjaolu, et 46-aastane itaallane on tegelikult endiselt Chelseaga lepinguliselt seotud. Lahkudes oli tema lepingust veel alles kolm ja pool aastat, lisaks oli Chelseal v\u00f5imalus seda aasta v\u00f5rra pikendada.&#13;\n<\/p>\n<p>The Athleticu v\u00e4itel olevat Maresca paar n\u00e4dalat enne Chelseast lahkumist klubi juhtkonnale \u00f6elnud, et on kahel korral suhelnud Cityga seotud inimestega. Sel ajal oli itaallasel veel Chelseaga kehtiv leping, enne kui ta jaanuaris ootamatult enne Etihadi staadionil City vastu peetud kohtumist teada andis, et paneb ameti maha.<\/p>\n<p>55-aastase Guardiola praegune leping Cityga kehtib veel \u00fche aasta, kuid City valmistab sellest hoolimata spordidirektori Hugo Viana vedamisel ette varuplaani. Mullu detsembris nimetas Guardiola ise Marescat &#8220;\u00fcheks maailma parimaks treeneriks&#8221; ning pidas tema t\u00f6\u00f6d Chelseas erakordseks. Mehed t\u00f6\u00f6tasid Citys veel m\u00f5ne aasta eest koos &#8211; kui klubi v\u00f5itis 2023. aastal Meistrite liiga, kuulus Maresca Guardiola treeneritetiimi. Lisaks on Maresca treenerik\u00e4ekiri sama nagu Guardiolal, mis t\u00e4hendab, et \u00fcleminek v\u00f5iks olla sujuv.&#13;\n<\/p>\n<blockquote class=\"twitter-tweet\"><p>&#13;<\/p>\n<p lang=\"en\" dir=\"ltr\">\ud83d\udea8 \ud835\uddd5\ud835\udde5\ud835\uddd8\ud835\uddd4\ud835\uddde\ud835\udddc\ud835\udde1\ud835\uddda: Enzo Maresca is the leading candidate to take over at Manchester City.<\/p>\n<p>The possibility that Pep Guardiola will leave at the end of the season is growing.<\/p>\n<p>\u2014 <a href=\"https:\/\/twitter.com\/JacobSteinberg?ref_src=twsrc%5Etfw\" rel=\"nofollow noopener\" target=\"_blank\">@JacobSteinberg<\/a> <a href=\"https:\/\/t.co\/IXAY7BAsAQ\" rel=\"nofollow\">pic.twitter.com\/IXAY7BAsAQ<\/a>&#13;<br \/>\n\u2014 The Touchline | \ud835\udc13 (@TouchlineX) <a href=\"https:\/\/twitter.com\/TouchlineX\/status\/2047362690968850525?ref_src=twsrc%5Etfw\" rel=\"nofollow noopener\" target=\"_blank\">April 23, 2026<\/a><\/p>\n<\/blockquote>\n<p>\u00c4sja liigatabelis Arsenali kinni p\u00fc\u00fcdnud ja neist m\u00f6\u00f6dagi l\u00e4inud City v\u00f5itleb viis vooru enne hooaja l\u00f5ppu meistritiitli nimel. Samuti ootab neid esiliigaklubi Southamptoni vastu peagi ees karikasarja poolfinaal, liigakarikas on t\u00e4navu juba v\u00f5idetud. Arvestades, et Guardiola on v\u00f5itnud k\u00fcmne aastaga City t\u00fc\u00fcri juures iga viimase kui v\u00f5imaliku karika, sealhulgas kahel korral ka Meistrite liiga, ning kokku on neid tema valitsemisajal klubi auhinnakappi kogunenud 18, ei oleks aja maha v\u00f5tmine tema puhul ootamatu.<\/p>\n<p>Maresca alustas treenerit\u00f6\u00f6d juba m\u00e4ngijap\u00e4evil Ascolis, 2020. aastal palkas City ta oma noortev\u00f5istkonna juhendajaks. Meestev\u00f5istkonna peatreenerina proovis itaallane esmalt 2021. aastal k\u00e4tt Serie B-s Parma juures, ent mitte kuigi \u00f5nnestunult, naastes seej\u00e4rel Citysse. 2023. aastal sai temast esiliigasse kukkunud Leicesteri juhendaja ning Maresca t\u00fc\u00fcrimisel t\u00f5usis k\u00fcmne aasta tagune Inglismaa meister uuesti k\u00f5rgliigasse.&#13;\n<\/p>\n<p>See t\u00f5i kaasa Chelsea huvi ning 2024. aasta juunis l\u00f5igi Maresca nendega k\u00e4ed, asendades Mauricio Pochettinot. Tema vedamisel naasti Meistrite liigasse, v\u00f5ideti Konverentsiliiga ning pandi edukale aastale punkt suvise klubide MM-i v\u00f5iduga. K\u00e4imasolev hooaeg l\u00f5ppes aga ootamatu ametist taandumisega.&#13;\n<\/p>\n<p>Paljude Chelsea m\u00e4ngijate jaoks tuli Maresca jaanuarikuine lahkumine \u0161okina, teda on tagantj\u00e4rgi kiitnud nii Enzo Fernandez kui ka Marc Cucurella. \u00dchtlasi on Cityt seostatud Fernandezi palkamisega, ehkki Chelsea k\u00fcsib pika lepinguga argentiinlase eest kindlasti suurt \u00fcleminekutasu. M\u00e4ngijate igatsust Maresca j\u00e4rele peetakse ka \u00fcheks p\u00f5hjuseks, miks Chelsea uus juhendaja Liam Rosenior pidas ametis vastu vaid kolm kuud, enne kui viie j\u00e4rjestikuse liigakaotuse j\u00e4rel m\u00f5ne p\u00e4eva eest vallandati. Hooaja l\u00f5puni juhendab Chelseat senine abitreener Calum McFarlane.&#13;\n<\/p>\n<p>          <script async src=\"https:\/\/platform.twitter.com\/widgets.js\" charset=\"utf-8\"><\/script><\/p>\n","protected":false},"excerpt":{"rendered":"&#13; Mis saab Manchester Cityst siis, kui Pep Guardiola peaks l\u00f5puks ameti maha panema? Lihtne &#8211; asemele tuleb&hellip;\n","protected":false},"author":2,"featured_media":161575,"comment_status":"","ping_status":"","sticky":false,"template":"","format":"standard","meta":{"footnotes":"","_share_on_mastodon":"0"},"categories":[18],"tags":[1098,6937,25310,37,33,35,47409,18681,34,36,5902,75648,1101,5903,1614,1106,6938,808,38773,159,158],"class_list":["post-161574","post","type-post","status-publish","format-standard","has-post-thumbnail","category-sport","tag-chelsea","tag-city","tag-cucurella","tag-ee","tag-eesti","tag-eesti-keel","tag-enzo-fernandez","tag-enzo-maresca","tag-estonia","tag-estonian","tag-guardiola","tag-hugo-viana","tag-inglismaa","tag-man-city","tag-manchester-city","tag-maresca","tag-pep-guardiola","tag-premier-league","tag-rosenior","tag-sport","tag-sports"],"share_on_mastodon":{"url":"https:\/\/pubeurope.com\/@ee\/116458885496584313","error":""},"_links":{"self":[{"href":"https:\/\/www.europesays.com\/ee\/wp-json\/wp\/v2\/posts\/161574","targetHints":{"allow":["GET"]}}],"collection":[{"href":"https:\/\/www.europesays.com\/ee\/wp-json\/wp\/v2\/posts"}],"about":[{"href":"https:\/\/www.europesays.com\/ee\/wp-json\/wp\/v2\/types\/post"}],"author":[{"embeddable":true,"href":"https:\/\/www.europesays.com\/ee\/wp-json\/wp\/v2\/users\/2"}],"replies":[{"embeddable":true,"href":"https:\/\/www.europesays.com\/ee\/wp-json\/wp\/v2\/comments?post=161574"}],"version-history":[{"count":0,"href":"https:\/\/www.europesays.com\/ee\/wp-json\/wp\/v2\/posts\/161574\/revisions"}],"wp:featuredmedia":[{"embeddable":true,"href":"https:\/\/www.europesays.com\/ee\/wp-json\/wp\/v2\/media\/161575"}],"wp:attachment":[{"href":"https:\/\/www.europesays.com\/ee\/wp-json\/wp\/v2\/media?parent=161574"}],"wp:term":[{"taxonomy":"category","embeddable":true,"href":"https:\/\/www.europesays.com\/ee\/wp-json\/wp\/v2\/categories?post=161574"},{"taxonomy":"post_tag","embeddable":true,"href":"https:\/\/www.europesays.com\/ee\/wp-json\/wp\/v2\/tags?post=161574"}],"curies":[{"name":"wp","href":"https:\/\/api.w.org\/{rel}","templated":true}]}}