{"id":161583,"date":"2026-04-24T09:17:08","date_gmt":"2026-04-24T09:17:08","guid":{"rendered":"https:\/\/www.europesays.com\/ee\/161583\/"},"modified":"2026-04-24T09:17:08","modified_gmt":"2026-04-24T09:17:08","slug":"norra-keelustab-sotsiaalmeedia-alla-16-aastastele-valismaa","status":"publish","type":"post","link":"https:\/\/www.europesays.com\/ee\/161583\/","title":{"rendered":"Norra keelustab sotsiaalmeedia alla 16-aastastele | V\u00e4lismaa"},"content":{"rendered":"<p>Norra teatas reedel, et esitab sel aastal seaduseeln\u00f5u, millega keelustatakse sotsiaalv\u00f5rgustikud alla 16-aastastele.<\/p>\n<p>\u00dchtlasi pannakse tehnoloogiaettev\u00f5tetele vastutus kasutajate vanuse kontrollimise eest.<\/p>\n<p>&#8220;Me kehtestame selle seaduse, sest me tahame lapsep\u00f5lve, kus lapsed saavad olla lapsed. M\u00e4ngu, s\u00f5prussuhteid ja igap\u00e4evaelu ei tohi \u00fcle v\u00f5tta algoritmid ja ekraanid,&#8221; \u00fctles peaminister Jonas Gahr St\u00f8re.<\/p>\n<p>&#8220;See on oluline meede laste digitaalse elu kaitsmiseks,&#8221; lisas peaminister.<\/p>\n<p>Mitmed Euroopa riigid, n\u00e4iteks Prantsusmaa, Hispaania ja Taani on juba teatanud, et kehtestavad sotsiaalv\u00f5rgustike jaoks digitaalse t\u00e4isealisuse piiri ning teised, nagu Austraalia ja T\u00fcrgi, on seda juba teinud.<\/p>\n<p>Ka Euroopa Komisjon on selgelt v\u00e4ljendanud oma otsustavust v\u00f5tta meetmeid laste ja noorukite kaitsmiseks. Aprilli keskel esitles komisjon vanuse kontrollimise rakendust, mis tehakse peagi k\u00e4ttesaadavaks Euroopa kodanikele.<\/p>\n<p>&#8220;Ma eeldan, et tehnoloogiaettev\u00f5tted tagavad vanusepiirangust kinnipidamise. Lastele ei saa j\u00e4tta vastutust hoiduda platvormidest, mida neil ei ole lubatud kasutada,&#8221; lisas Norra digiteerimis- ja avaliku halduse minister Karianne Tung.<\/p>\n<p>&#8220;See vastutus lasub neid teenuseid pakkuvatel ettev\u00f5tetel. Nad peavad rakendama t\u00f5husa vanusekontrolli ja j\u00e4rgima seadust esimesest p\u00e4evast alates,&#8221; lisas minister.<\/p>\n","protected":false},"excerpt":{"rendered":"Norra teatas reedel, et esitab sel aastal seaduseeln\u00f5u, millega keelustatakse sotsiaalv\u00f5rgustikud alla 16-aastastele. \u00dchtlasi pannakse tehnoloogiaettev\u00f5tetele vastutus kasutajate&hellip;\n","protected":false},"author":2,"featured_media":161584,"comment_status":"","ping_status":"","sticky":false,"template":"","format":"standard","meta":{"footnotes":"","_share_on_mastodon":"0"},"categories":[80],"tags":[26,27,37,33,35,34,36,112,31,32,21,29470,28,29,95,19,1437,59,25,397,23,24,22,20,30,92,93,94],"class_list":["post-161583","post","type-post","status-publish","format-standard","has-post-thumbnail","category-maailm","tag-breaking-news","tag-breakingnews","tag-ee","tag-eesti","tag-eesti-keel","tag-estonia","tag-estonian","tag-euroopa","tag-featured-news","tag-featurednews","tag-headlines","tag-keelud-ja-kasud","tag-latest-news","tag-latestnews","tag-maailm","tag-news","tag-norra","tag-piirangud","tag-populaarseimad-lood","tag-sotsiaalmeedia","tag-top-stories","tag-topstories","tag-uldised-uudised","tag-uudised","tag-viimased-uudised","tag-world","tag-world-news","tag-worldnews"],"share_on_mastodon":{"url":"https:\/\/pubeurope.com\/@ee\/116458936385708892","error":""},"_links":{"self":[{"href":"https:\/\/www.europesays.com\/ee\/wp-json\/wp\/v2\/posts\/161583","targetHints":{"allow":["GET"]}}],"collection":[{"href":"https:\/\/www.europesays.com\/ee\/wp-json\/wp\/v2\/posts"}],"about":[{"href":"https:\/\/www.europesays.com\/ee\/wp-json\/wp\/v2\/types\/post"}],"author":[{"embeddable":true,"href":"https:\/\/www.europesays.com\/ee\/wp-json\/wp\/v2\/users\/2"}],"replies":[{"embeddable":true,"href":"https:\/\/www.europesays.com\/ee\/wp-json\/wp\/v2\/comments?post=161583"}],"version-history":[{"count":0,"href":"https:\/\/www.europesays.com\/ee\/wp-json\/wp\/v2\/posts\/161583\/revisions"}],"wp:featuredmedia":[{"embeddable":true,"href":"https:\/\/www.europesays.com\/ee\/wp-json\/wp\/v2\/media\/161584"}],"wp:attachment":[{"href":"https:\/\/www.europesays.com\/ee\/wp-json\/wp\/v2\/media?parent=161583"}],"wp:term":[{"taxonomy":"category","embeddable":true,"href":"https:\/\/www.europesays.com\/ee\/wp-json\/wp\/v2\/categories?post=161583"},{"taxonomy":"post_tag","embeddable":true,"href":"https:\/\/www.europesays.com\/ee\/wp-json\/wp\/v2\/tags?post=161583"}],"curies":[{"name":"wp","href":"https:\/\/api.w.org\/{rel}","templated":true}]}}