{"id":161772,"date":"2026-04-24T13:09:14","date_gmt":"2026-04-24T13:09:14","guid":{"rendered":"https:\/\/www.europesays.com\/ee\/161772\/"},"modified":"2026-04-24T13:09:14","modified_gmt":"2026-04-24T13:09:14","slug":"tiina-lokk-johvi-filmikoolist-see-on-ka-hea-platvorm-kust-inimesed-saavad-minna-edasi-oppima-film","status":"publish","type":"post","link":"https:\/\/www.europesays.com\/ee\/161772\/","title":{"rendered":"Tiina Lokk J\u00f5hvi filmikoolist: see on ka hea platvorm, kust inimesed saavad minna edasi \u00f5ppima | Film"},"content":{"rendered":"<p>Selles s\u00fcgisest alustab koost\u00f6\u00f6s P\u00d6FF-iga Ida-Virumaa kutsehariduskeskuse juures tegevust J\u00f5hvi filmikool. Festivali direktor Tiina Lokk \u00fctles ERR-ile antud intervjuus, et P\u00d6FF-i jaoks on J\u00f5hvi filmikool ka omamoodi haridusts\u00fckli l\u00f5puni viimine.<\/p>\n<p>Loki hinnangul oli J\u00f5hvi filmikooli t\u00fc\u00fcpi lahendus Eesti filmimaastikult puudu. &#8220;Seda annab h\u00e4sti tunda ka see, et aastaid on see, et me ei suuda mitut filmi koos korraga teha, eriti kui tuleb mingi suur produktsioon sisse, puudu j\u00e4\u00e4b just tehnilisest ettevalmistusest,&#8221; \u00fctles ta ja lisas, et J\u00f5hvi on praegu ka ideaalne koht, kus saab kohe praktiseerida. &#8220;Ta on kutsekooli baasil praegusel hetkel loodud, ta ei ole veel t\u00e4ies mahus nagu me n\u00e4eme ette, kuidas ta v\u00f5iks j\u00e4rgnevatel aastatel kulgeda, aga algus on tehtud ja see on hea platvorm, kust inimesed saavad minna edasi \u00f5ppima.&#8221;<\/p>\n<p>Ta loodab, et kunagi v\u00f5iks tekkida selles vallas ka k\u00f5rgharidus. &#8220;Praegu seda Eestis ei ole, Soomes on see k\u00fcll olemas,&#8221; selgitas ta ja kinnitas, et P\u00d6FF-i jaoks on J\u00f5hvi filmikool ka omamoodi haridusts\u00fckli l\u00f5puni viimine. &#8220;Meil on veebis audiovisuaalse\u00f5ppe programm koolidele, kus paark\u00fcmmend kooli aktiivselt osalevad, meil on noortele filmiprofessionaalidele Discovery Campus festivali ajal, mis koolitab ja toob siia huvitavaid v\u00f5tmeisikuid loenguid pidama ning n\u00fc\u00fcd on J\u00f5hvi, vaatame, kuhu me sealt l\u00e4heme.&#8221;<\/p>\n<p>Ta usub, et kahtlemata peaks olema J\u00f5hvi filmikooli juurde kaasatud ka kohalik filmipaviljon. &#8220;See on \u00fcks p\u00f5hjustest, miks me hakkasime seal t\u00e4iend\u00f5pet tegema, sest n\u00e4gime ette, kuidas tehniliste inimeste puudus aina suureneb.&#8221;<\/p>\n<p>Tiina Lokk r\u00f5hutas, et ta oli ka BFM-i asutamise juures, seega n\u00fc\u00fcd on tema jaoks tegu juba teise filmikooliga, millele hoog sisse l\u00fckata. &#8220;Loomulikult ma hakkan seal ka ise loenguid pidama, me kaasame sinna meie oma filmiprofessionaale ning motivatsioonilektoreid rahvusvaheliselt, lisaks on meil on selline unikaalne inimene nagu Mikk Granstr\u00f6m, kellel on pedagoogikadoktor.&#8221;<\/p>\n","protected":false},"excerpt":{"rendered":"Selles s\u00fcgisest alustab koost\u00f6\u00f6s P\u00d6FF-iga Ida-Virumaa kutsehariduskeskuse juures tegevust J\u00f5hvi filmikool. Festivali direktor Tiina Lokk \u00fctles ERR-ile antud&hellip;\n","protected":false},"author":2,"featured_media":161773,"comment_status":"","ping_status":"","sticky":false,"template":"","format":"standard","meta":{"footnotes":"","_share_on_mastodon":"0"},"categories":[12],"tags":[26,27,37,33,35,34,36,31,32,21,75425,28,29,19,2870,25,6781,23,24,22,20,30],"class_list":["post-161772","post","type-post","status-publish","format-standard","has-post-thumbnail","category-eesti","tag-breaking-news","tag-breakingnews","tag-ee","tag-eesti","tag-eesti-keel","tag-estonia","tag-estonian","tag-featured-news","tag-featurednews","tag-headlines","tag-johvi-filmikool","tag-latest-news","tag-latestnews","tag-news","tag-poff","tag-populaarseimad-lood","tag-tiina-lokk","tag-top-stories","tag-topstories","tag-uldised-uudised","tag-uudised","tag-viimased-uudised"],"share_on_mastodon":{"url":"https:\/\/pubeurope.com\/@ee\/116459848667064549","error":""},"_links":{"self":[{"href":"https:\/\/www.europesays.com\/ee\/wp-json\/wp\/v2\/posts\/161772","targetHints":{"allow":["GET"]}}],"collection":[{"href":"https:\/\/www.europesays.com\/ee\/wp-json\/wp\/v2\/posts"}],"about":[{"href":"https:\/\/www.europesays.com\/ee\/wp-json\/wp\/v2\/types\/post"}],"author":[{"embeddable":true,"href":"https:\/\/www.europesays.com\/ee\/wp-json\/wp\/v2\/users\/2"}],"replies":[{"embeddable":true,"href":"https:\/\/www.europesays.com\/ee\/wp-json\/wp\/v2\/comments?post=161772"}],"version-history":[{"count":0,"href":"https:\/\/www.europesays.com\/ee\/wp-json\/wp\/v2\/posts\/161772\/revisions"}],"wp:featuredmedia":[{"embeddable":true,"href":"https:\/\/www.europesays.com\/ee\/wp-json\/wp\/v2\/media\/161773"}],"wp:attachment":[{"href":"https:\/\/www.europesays.com\/ee\/wp-json\/wp\/v2\/media?parent=161772"}],"wp:term":[{"taxonomy":"category","embeddable":true,"href":"https:\/\/www.europesays.com\/ee\/wp-json\/wp\/v2\/categories?post=161772"},{"taxonomy":"post_tag","embeddable":true,"href":"https:\/\/www.europesays.com\/ee\/wp-json\/wp\/v2\/tags?post=161772"}],"curies":[{"name":"wp","href":"https:\/\/api.w.org\/{rel}","templated":true}]}}