{"id":162262,"date":"2026-04-25T05:40:09","date_gmt":"2026-04-25T05:40:09","guid":{"rendered":"https:\/\/www.europesays.com\/ee\/162262\/"},"modified":"2026-04-25T05:40:09","modified_gmt":"2026-04-25T05:40:09","slug":"eesti-kutsub-el-i-ules-maksustama-vene-kaupu-et-rahastada-ukraina-ulesehitust-valismaa","status":"publish","type":"post","link":"https:\/\/www.europesays.com\/ee\/162262\/","title":{"rendered":"Eesti kutsub EL-i \u00fcles maksustama Vene kaupu, et rahastada Ukraina \u00fclesehitust | V\u00e4lismaa"},"content":{"rendered":"<p>Eesti peaminister Kristen Michal kutsus Euroopat \u00fcles maksustama Venemaalt p\u00e4rit importi, et rahastada Ukraina \u00fclesehitamist, kirjutab v\u00e4ljaanne Politico.<\/p>\n<p>Ukraina h\u00e4vitatud taristu ja pommitatud linnade taastamise kulud ulatuvad sadadesse miljarditesse eurodesse, \u00fctles Michal Politicole K\u00fcprosel toimunud kahep\u00e4evase EL-i juhtide tippkohtumise k\u00f5rvalt. Kohtumisel arutati geopoliitikat, julgeolekut ja \u00fchenduse eelarvet.<\/p>\n<p>Euroopa on kehtestanud sanktsioone, keelanud paljude Venemaa kaupade impordi ning maksustanud teravilja ja v\u00e4etised. Siiski ei ole t\u00f5stetud lubatud kaupade tollimakse selges\u00f5nalise eesm\u00e4rgiga toetada Ukrainat ning kaubanduspoliitika kasutamine julgeoleku eesm\u00e4rkidel tekitab \u00fchenduses endiselt vaidlusi.<\/p>\n<p>&#8220;Kahjude korvamiseks tuleb Venemaa kaupadele kehtestada tollimaksud,&#8221; m\u00e4rkis Michal. &#8220;Erinevates koridorides ja kohtumistel on r\u00e4\u00e4gitud, et Venemaa kaupadele kehtestatavate erilaadsete tollimaksudega v\u00f5iks rahastada Ukraina \u00fclesehitust.&#8221;<\/p>\n<p>Seitse riiki, sealhulgas Eesti, n\u00f5udsid m\u00f6\u00f6dunud aasta novembris tollimaksude kehtestamist sellistele Venemaa toodetele nagu teras ja v\u00e4etis. See algatus on aga takerdunud ega kuulunud ka sel n\u00e4dalal EL-is kokku lepitud 20. sanktsioonipaketti.<\/p>\n<p>Michali hinnangul ei piisa hiiglaslike kulude katteks isegi Moskva 210 miljardi euro suurustest k\u00fclmutatud varadest, mida hoitakse Br\u00fcsselis asuvas finantsasutuses.<\/p>\n<p>Venemaa neli aastat kestnud sissetungi t\u00e4ielikku rahalist kahju Ukrainale on raske kokku arvutada. S\u00f5da on tapnud v\u00f5i haavanud sadu tuhandeid ukrainlasi, sundinud miljoneid p\u00f5genema ning teinud linnad maatasa, m\u00e4rkis Politico.<\/p>\n<p>Ukraina valitsuse, \u00dcRO, Euroopa Komisjoni ja Maailmapanga tellimusel valminud ning eelmise aasta veebruaris avaldatud uuringust selgus aga, et Ukraina \u00fclesehitamine maksab k\u00fcmne aasta jooksul 500 miljardit eurot. Samuti viitas uuring, et konflikti esimese kolme aastaga h\u00e4vis 13 protsenti Ukraina elamufondist.<\/p>\n<p>&#8220;Nad peavad vastutama,&#8221; \u00fctles Michal, viidates Moskvale. &#8220;Sest kui nad ei vastuta, kordub see taas. Meil on Venemaaga pikem ajalugu. Teame, mis riik Venemaa on. Saavutasime iseseisvuse mitte v\u00e4ga ammu.&#8221;<\/p>\n<p>Venemaa algatatud s\u00f5da ja sissetungi t\u00f5rjumisega kaasnevad tohutud kulud on Ukraina majanduse kurnanud. Sel n\u00e4dalal kiitis EL heaks 90 miljardi euro suuruse laenu, et tagada Kiievi toimetulek.<\/p>\n<p>Michal kordas \u00fcleskutset uuendada Euroopa viisareegleid, et keelata Venemaa v\u00f5itlejatele sissep\u00e4\u00e4s \u00fchendusse. Ta r\u00f5hutas, et Ukraina s\u00f5ja l\u00f5ppedes valguksid nad Euroopasse ja k\u00fclvaksid kaost.\u00a0<\/p>\n<p>Eelmisel kuul saatis kaheksa riigijuhti, sealhulgas Michal, Saksamaa liidukantsler Friedrich Merz ja Poola peaminister Donald Tusk, Euroopa \u00dclemkogu eesistujale Ant\u00f3nio Costale ja Euroopa Komisjoni presidendile Ursula von der Leyenile kirja, milles n\u00f5uti viisareeglite karmistamist.<\/p>\n<p>&#8220;Nad on kurjategijad, kes hakkavad otsima t\u00f6\u00f6d palgaarmeedes ja mujal,&#8221; selgitas Michal. &#8220;Seega on see meie sisejulgeoleku k\u00fcsimus. Kui osalete sellises agressioonis Ukraina vastu, siis palun p\u00fcsige Venemaal.&#8221;<\/p>\n<p>Michali s\u00f5nul loodab Tallinn, et Euroopa Komisjon asub juhtima mahukat logistilist protsessi enam kui miljoni venelase musta nimekirja kandmiseks. &#8220;Tean, et [EL-i k\u00f5rge esindaja ja endine Eesti peaminister] Kaja Kallas juba tegeleb sellega,&#8221; lisas ta.<\/p>\n<p>&#8220;Avaldame neile samuti survet. Loodan, et enne suve on meil selle kohta juba konkreetsed [Euroopa \u00dclemkogu] p\u00e4evakorrapunktid.&#8221;<\/p>\n","protected":false},"excerpt":{"rendered":"Eesti peaminister Kristen Michal kutsus Euroopat \u00fcles maksustama Venemaalt p\u00e4rit importi, et rahastada Ukraina \u00fclesehitamist, kirjutab v\u00e4ljaanne Politico.&hellip;\n","protected":false},"author":2,"featured_media":162263,"comment_status":"","ping_status":"","sticky":false,"template":"","format":"standard","meta":{"footnotes":"","_share_on_mastodon":"0"},"categories":[80],"tags":[26,27,37,33,35,3239,34,36,590,31,32,21,6746,646,28,29,95,19,25,107,23,24,22,20,96,30,92,93,94],"class_list":["post-162262","post","type-post","status-publish","format-standard","has-post-thumbnail","category-maailm","tag-breaking-news","tag-breakingnews","tag-ee","tag-eesti","tag-eesti-keel","tag-el","tag-estonia","tag-estonian","tag-euroopa-liit","tag-featured-news","tag-featurednews","tag-headlines","tag-import","tag-kristen-michal","tag-latest-news","tag-latestnews","tag-maailm","tag-news","tag-populaarseimad-lood","tag-soda-ukrainas","tag-top-stories","tag-topstories","tag-uldised-uudised","tag-uudised","tag-venemaa","tag-viimased-uudised","tag-world","tag-world-news","tag-worldnews"],"share_on_mastodon":{"url":"https:\/\/pubeurope.com\/@ee\/116463745359824344","error":""},"_links":{"self":[{"href":"https:\/\/www.europesays.com\/ee\/wp-json\/wp\/v2\/posts\/162262","targetHints":{"allow":["GET"]}}],"collection":[{"href":"https:\/\/www.europesays.com\/ee\/wp-json\/wp\/v2\/posts"}],"about":[{"href":"https:\/\/www.europesays.com\/ee\/wp-json\/wp\/v2\/types\/post"}],"author":[{"embeddable":true,"href":"https:\/\/www.europesays.com\/ee\/wp-json\/wp\/v2\/users\/2"}],"replies":[{"embeddable":true,"href":"https:\/\/www.europesays.com\/ee\/wp-json\/wp\/v2\/comments?post=162262"}],"version-history":[{"count":0,"href":"https:\/\/www.europesays.com\/ee\/wp-json\/wp\/v2\/posts\/162262\/revisions"}],"wp:featuredmedia":[{"embeddable":true,"href":"https:\/\/www.europesays.com\/ee\/wp-json\/wp\/v2\/media\/162263"}],"wp:attachment":[{"href":"https:\/\/www.europesays.com\/ee\/wp-json\/wp\/v2\/media?parent=162262"}],"wp:term":[{"taxonomy":"category","embeddable":true,"href":"https:\/\/www.europesays.com\/ee\/wp-json\/wp\/v2\/categories?post=162262"},{"taxonomy":"post_tag","embeddable":true,"href":"https:\/\/www.europesays.com\/ee\/wp-json\/wp\/v2\/tags?post=162262"}],"curies":[{"name":"wp","href":"https:\/\/api.w.org\/{rel}","templated":true}]}}