{"id":162406,"date":"2026-04-25T09:54:09","date_gmt":"2026-04-25T09:54:09","guid":{"rendered":"https:\/\/www.europesays.com\/ee\/162406\/"},"modified":"2026-04-25T09:54:09","modified_gmt":"2026-04-25T09:54:09","slug":"meta-koondab-jargmisel-kuul-10-kogu-tootajaskonnast","status":"publish","type":"post","link":"https:\/\/www.europesays.com\/ee\/162406\/","title":{"rendered":"Meta koondab j\u00e4rgmisel kuul 10% kogu t\u00f6\u00f6tajaskonnast"},"content":{"rendered":"<p>Meta personalijuht Janella Gale teatas t\u00f6\u00f6tajatele saadetud memos, et koondamised toimuvad 20. mail. Ettev\u00f5ttes t\u00f6\u00f6tab \u00fcle maailma enam kui 78 000 inimest, mist\u00f5ttu v\u00f5ib kavandatav koondamine puudutada ligikaudu 7800 t\u00f6\u00f6tajat. Lisaks sulgeb Meta umbes 6000 seni t\u00e4itmata ametikohta.<\/p>\n<p>Gale\u2019i s\u00f5nul on muudatuste eesm\u00e4rk muuta ettev\u00f5tte juhtimine t\u00f5husamaks ning v\u00f5imaldada Metale suuremate investeeringute tegemist teistes valdkondades. Memos ei t\u00e4psustatud, milliseid investeeringuid silmas peetakse, kuid Business Insider viitab, et Meta on viimastel aastatel kulutanud suuri summasid tehisintellekti arendamisele, sealhulgas andmekeskustele ja tehisintellekti tippspetsialistide palkamisele.<\/p>\n<p>\u201eTeeme seda osana oma j\u00e4tkuvast p\u00fc\u00fcdlusest juhtida ettev\u00f5tet t\u00f5husamalt ning v\u00f5imaldada meil tasakaalustada teisi investeeringuid, mida teeme,\u201c kirjutas Gale t\u00f6\u00f6tajatele.<\/p>\n<p>Koondatavaid teavitatakse 20. mail nii t\u00f6\u00f6- kui ka isikliku e-posti aadressi kaudu. Gale m\u00e4rkis memos, et ettev\u00f5te oleks tavap\u00e4raselt soovinud \u00fcksikasjad enne laiemat teavitamist t\u00e4psemalt paika saada, kuid info lekkimise t\u00f5ttu otsustati t\u00f6\u00f6tajaid varem informeerida.<\/p>\n<p>\u201eMa tean, et see j\u00e4tab k\u00f5ik ligi kuuks ajaks ebam\u00e4\u00e4rasesse olukorda, mis on \u00e4\u00e4rmiselt h\u00e4iriv,\u201c kirjutas Gale.<\/p>\n<p>USA t\u00f6\u00f6tajatele lubab Meta maksta lahkumish\u00fcvitisena 16 n\u00e4dala p\u00f5hipalga ning lisaks kaks n\u00e4dalat iga ettev\u00f5ttes t\u00f6\u00f6tatud aasta eest. Samuti katab ettev\u00f5te USA t\u00f6\u00f6tajate ja nende perede COBRA tervisekindlustuse kulud 18 kuu jooksul. V\u00e4ljaspool USA on paketid ettev\u00f5tte s\u00f5nul sarnased, kuid s\u00f5ltuvad kohalike riikide reeglitest ja protsessidest.<\/p>\n<p>Lisaks lubab Meta pakkuda koondatavatele karj\u00e4\u00e4riteenuseid uue t\u00f6\u00f6 leidmiseks ning vajadusel immigratsioonialast tuge.<\/p>\n<p>Business Insideri teatel ei soovinud Meta koondamisteadet kommenteerida. Ettev\u00f5te viis v\u00e4iksema koondamisvooru l\u00e4bi ka m\u00e4rtsis, mil t\u00f6\u00f6 kaotasid sajad t\u00f6\u00f6tajad.<\/p>\n<p>Kuidas see lugu Sind end tundma pani? Saada <a href=\"https:\/\/arileht.delfi.ee\/a\/120571006\/meta-koondab-jargmisel-kuul-10-kogu-tootajaskonnast\/kommentaarid\" class=\"article-body-bottom__comment article-body-bottom__comment--write button button--primary button--size-auto\" rel=\"nofollow noopener\" target=\"_blank\"> Kommenteeri <\/a><a href=\"https:\/\/arileht.delfi.ee\/a\/120571006\/meta-koondab-jargmisel-kuul-10-kogu-tootajaskonnast\/kommentaarid\" class=\"article-body-bottom__comment article-body-bottom__comment--read button button--size-auto\" rel=\"nofollow noopener\" target=\"_blank\"> Loe kommentaare (1)<\/a><\/p>\n","protected":false},"excerpt":{"rendered":"Meta personalijuht Janella Gale teatas t\u00f6\u00f6tajatele saadetud memos, et koondamised toimuvad 20. mail. Ettev\u00f5ttes t\u00f6\u00f6tab \u00fcle maailma enam&hellip;\n","protected":false},"author":2,"featured_media":162407,"comment_status":"","ping_status":"","sticky":false,"template":"","format":"standard","meta":{"footnotes":"","_share_on_mastodon":"0"},"categories":[14],"tags":[131,130,37,33,35,34,36,8175,5922,2182,2886,27255],"class_list":["post-162406","post","type-post","status-publish","format-standard","has-post-thumbnail","category-ari","tag-ari","tag-business","tag-ee","tag-eesti","tag-eesti-keel","tag-estonia","tag-estonian","tag-facebook","tag-instagram","tag-koondamine","tag-meta","tag-whatsapp"],"share_on_mastodon":{"url":"https:\/\/pubeurope.com\/@ee\/116464744254829141","error":""},"_links":{"self":[{"href":"https:\/\/www.europesays.com\/ee\/wp-json\/wp\/v2\/posts\/162406","targetHints":{"allow":["GET"]}}],"collection":[{"href":"https:\/\/www.europesays.com\/ee\/wp-json\/wp\/v2\/posts"}],"about":[{"href":"https:\/\/www.europesays.com\/ee\/wp-json\/wp\/v2\/types\/post"}],"author":[{"embeddable":true,"href":"https:\/\/www.europesays.com\/ee\/wp-json\/wp\/v2\/users\/2"}],"replies":[{"embeddable":true,"href":"https:\/\/www.europesays.com\/ee\/wp-json\/wp\/v2\/comments?post=162406"}],"version-history":[{"count":0,"href":"https:\/\/www.europesays.com\/ee\/wp-json\/wp\/v2\/posts\/162406\/revisions"}],"wp:featuredmedia":[{"embeddable":true,"href":"https:\/\/www.europesays.com\/ee\/wp-json\/wp\/v2\/media\/162407"}],"wp:attachment":[{"href":"https:\/\/www.europesays.com\/ee\/wp-json\/wp\/v2\/media?parent=162406"}],"wp:term":[{"taxonomy":"category","embeddable":true,"href":"https:\/\/www.europesays.com\/ee\/wp-json\/wp\/v2\/categories?post=162406"},{"taxonomy":"post_tag","embeddable":true,"href":"https:\/\/www.europesays.com\/ee\/wp-json\/wp\/v2\/tags?post=162406"}],"curies":[{"name":"wp","href":"https:\/\/api.w.org\/{rel}","templated":true}]}}