{"id":162438,"date":"2026-04-25T10:38:07","date_gmt":"2026-04-25T10:38:07","guid":{"rendered":"https:\/\/www.europesays.com\/ee\/162438\/"},"modified":"2026-04-25T10:38:07","modified_gmt":"2026-04-25T10:38:07","slug":"meta-koondab-10-protsenti-tootajatest-valismaa","status":"publish","type":"post","link":"https:\/\/www.europesays.com\/ee\/162438\/","title":{"rendered":"Meta koondab 10 protsenti t\u00f6\u00f6tajatest | V\u00e4lismaa"},"content":{"rendered":"<p>Meta koondab maikuus iga k\u00fcmnenda t\u00f6\u00f6taja. Ettev\u00f5te investeerib edaspidi varasemast oluliselt rohkem tehisintellekti rakendamisse.<\/p>\n<p>Neljap\u00e4eval saadetud sisekirjas teatati Meta t\u00f6\u00f6tajatele plaanist koondada k\u00fcmnendik t\u00f6\u00f6j\u00f5ust ehk ligikaudu 8000 inimest. Samuti m\u00e4rgiti, et tuhanded seni avatud t\u00f6\u00f6kohad, kuhu inimesi otsiti, j\u00e4etakse t\u00e4itmata.<\/p>\n<p>Koondamiste peamine p\u00f5hjus on Meta kasvanud kulutused ettev\u00f5tte teistes valdkondades, sealhulgas tehisintellekti arendamisse, kuhu suunatakse t\u00e4navu 135 miljardit dollarit. Sisekirjaga tutvunud allika s\u00f5nul on see summa ligikaudu v\u00f5rdne viimase kolme aasta jooksul tehisintellektile kulutatud kogusummaga.<\/p>\n<p>Meta pressiesindaja kinnitas kavandatavaid koondamisi, kuid keeldus t\u00e4psematest kommentaaridest.<\/p>\n<p>Meta kaasasutaja ja tegevjuht Mark Zuckerberg viitas juba jaanuaris avalikult, et ettev\u00f5te kavatseb sel aastal taas inimesi koondada.<\/p>\n<p>Meta juhi s\u00f5nul on tehisintellekti t\u00f6\u00f6riistadele toetuvate t\u00f6\u00f6tajate tootlikkus m\u00e4rkimisv\u00e4\u00e4rselt kasvanud. Ta m\u00e4rkis, et \u00fcks inimene suudab n\u00fc\u00fcd viia l\u00f5pule projekte, mis varem n\u00f5udsid suurt meeskonda.<\/p>\n<p>&#8220;Usun, et 2026. aastast saab aasta, mil AI hakkab meie t\u00f6\u00f6tegemise viisi drastiliselt muutma,&#8221; s\u00f5nas Zuckerberg.<\/p>\n<p>Eelmisel n\u00e4dalal teatas uudisteagentuur Reuters, et Meta plaanib sel aastal koondada potentsiaalselt \u00fcle 10 000 t\u00f6\u00f6taja.\u00a0<\/p>\n<p>Ehkki Meta on sel aastal kahes v\u00e4iksemas koondamislaines juba koondanud umbes 2000 inimest, olid t\u00f6\u00f6tajad juba n\u00e4dalaid valmistunud ulatuslikumaks k\u00e4rpeks.<\/p>\n<p>Ettev\u00f5tte kulutused ja fookus on viimastel kuudel tugevalt nihkunud tehisintellekti mudelite ja t\u00f6\u00f6riistade arendamisele.<\/p>\n<p>Alles sel n\u00e4dalal teavitati t\u00f6\u00f6tajaid, et AI mudelite treenimiseks ja t\u00e4iustamiseks hakatakse j\u00e4lgima ning salvestama nende suhtlust t\u00f6\u00f6arvutitega. \u00dcks t\u00f6\u00f6taja nimetas seda l\u00e4henevate koondamiste valguses &#8220;d\u00fcstoopiliseks&#8221;.<\/p>\n<p>&#8220;Ettev\u00f5te on tehisintellektist lausa kinnisidees,&#8221; \u00fctles t\u00f6\u00f6taja BBC-le.<\/p>\n<p>Alates 2022. aastast on Meta viinud l\u00e4bi mitu koondamislainet, vabanedes k\u00fcmnetest tuhandetest t\u00f6\u00f6tajatest.<\/p>\n<p>Vahepeal oli aga v\u00e4rbamine taastunud ning eelmisel aastal tundus t\u00f6\u00f6tajate koguarv ulatuvat taas esialgsete koondamiste eelsele tasemele.<\/p>\n<p>Eelseisev koondamine on Meta suurim alates 2023. aastast.<\/p>\n<p>Sel aastal on massiliselt t\u00f6\u00f6kohti k\u00e4rpinud ka mitmed teised tehnoloogiaettev\u00f5tted, kellest enamik kulutab samuti tohutuid summasid AI tehnoloogia t\u00f6\u00f6riistade ja taristu arendamisele.<\/p>\n<p>Amazon on koondanud \u00fcle 30 000 ja Oracle rohkem kui 10 000 t\u00f6\u00f6tajat. V\u00e4iksemate tehnoloogiafirmade hulka kuuluv Block koondas ligi poole oma isikkoosseisust, mis teeb kokku \u00fcle 4000 inimese. Teine v\u00e4iksem ettev\u00f5te Snap on lahti lasknud umbes 1000 t\u00f6\u00f6tajat.<\/p>\n<p>Samuti teatas Microsoft neljap\u00e4eval, et pakub tuhandetele pikaajalistele t\u00f6\u00f6tajatele vabatahtliku lahkumise pakette.<\/p>\n<p>Enamiku mainitud ettev\u00f5tete juhtide hinnangul on t\u00f6\u00f6j\u00f5uvajaduse v\u00e4henemise taga AI tehnoloogia kasvav v\u00f5imekus v\u00f5i suurenenud investeeringud sellesse valdkonda.<\/p>\n","protected":false},"excerpt":{"rendered":"Meta koondab maikuus iga k\u00fcmnenda t\u00f6\u00f6taja. Ettev\u00f5te investeerib edaspidi varasemast oluliselt rohkem tehisintellekti rakendamisse. Neljap\u00e4eval saadetud sisekirjas teatati&hellip;\n","protected":false},"author":2,"featured_media":162439,"comment_status":"","ping_status":"","sticky":false,"template":"","format":"standard","meta":{"footnotes":"","_share_on_mastodon":"0"},"categories":[14],"tags":[375,131,130,37,33,35,34,36,2182,16752,2886,814,373,674,2160],"class_list":["post-162438","post","type-post","status-publish","format-standard","has-post-thumbnail","category-ari","tag-ai","tag-ari","tag-business","tag-ee","tag-eesti","tag-eesti-keel","tag-estonia","tag-estonian","tag-koondamine","tag-mark-zuckerberg","tag-meta","tag-tehisaru","tag-tehisintellekt","tag-too","tag-tootaja"],"share_on_mastodon":{"url":"https:\/\/pubeurope.com\/@ee\/116464917170879704","error":""},"_links":{"self":[{"href":"https:\/\/www.europesays.com\/ee\/wp-json\/wp\/v2\/posts\/162438","targetHints":{"allow":["GET"]}}],"collection":[{"href":"https:\/\/www.europesays.com\/ee\/wp-json\/wp\/v2\/posts"}],"about":[{"href":"https:\/\/www.europesays.com\/ee\/wp-json\/wp\/v2\/types\/post"}],"author":[{"embeddable":true,"href":"https:\/\/www.europesays.com\/ee\/wp-json\/wp\/v2\/users\/2"}],"replies":[{"embeddable":true,"href":"https:\/\/www.europesays.com\/ee\/wp-json\/wp\/v2\/comments?post=162438"}],"version-history":[{"count":0,"href":"https:\/\/www.europesays.com\/ee\/wp-json\/wp\/v2\/posts\/162438\/revisions"}],"wp:featuredmedia":[{"embeddable":true,"href":"https:\/\/www.europesays.com\/ee\/wp-json\/wp\/v2\/media\/162439"}],"wp:attachment":[{"href":"https:\/\/www.europesays.com\/ee\/wp-json\/wp\/v2\/media?parent=162438"}],"wp:term":[{"taxonomy":"category","embeddable":true,"href":"https:\/\/www.europesays.com\/ee\/wp-json\/wp\/v2\/categories?post=162438"},{"taxonomy":"post_tag","embeddable":true,"href":"https:\/\/www.europesays.com\/ee\/wp-json\/wp\/v2\/tags?post=162438"}],"curies":[{"name":"wp","href":"https:\/\/api.w.org\/{rel}","templated":true}]}}