{"id":162485,"date":"2026-04-25T11:58:10","date_gmt":"2026-04-25T11:58:10","guid":{"rendered":"https:\/\/www.europesays.com\/ee\/162485\/"},"modified":"2026-04-25T11:58:10","modified_gmt":"2026-04-25T11:58:10","slug":"efta-zurii-vs-publik-frank-oli-ka-publikuhaaletusel-selge-voitja-kuid-rohkem-laks-arvamus-lahku-delfi","status":"publish","type":"post","link":"https:\/\/www.europesays.com\/ee\/162485\/","title":{"rendered":"EFTA | \u017d\u00fcrii vs. publik. \u201eFr\u00e4nk\u201c oli ka publikuh\u00e4\u00e4letusel selge v\u00f5itja, kuid rohkem l\u00e4ks arvamus lahku &#8211; Delfi"},"content":{"rendered":"<ol>\n<li><a href=\"https:\/\/news.google.com\/rss\/articles\/CBMi1gFBVV95cUxNR2J4dXNKMi1PVGtRMG01SU9uOXhIUUVfYk9LazB0UlZ5UHpPLUNGSzF0ckpZdE0wSHVSLWlQbVNaQlpFSVhKbWVRV0d0dzBBelFIazBkREk2Y1UtcnItYlFOS0xwaWw5SGZHcG92RUMzOV9ZaVJOSU9WYUJuN2YzS2FoOWNVamRkNVY3Yk9pdU01RFJGNDRZZHJHN3lOU1VBaTNGNnJOZEdwNmJYZ256dmt5TkU4clpZZzJlRG40VTRQZ0JIT05peHpNYmg5RXgxNWx4ZFJn?oc=5\" target=\"_blank\" rel=\"nofollow noopener\">EFTA | \u017d\u00fcrii vs. publik. \u201eFr\u00e4nk\u201c oli ka publikuh\u00e4\u00e4letusel selge v\u00f5itja, kuid rohkem l\u00e4ks arvamus lahku<\/a>&nbsp;&nbsp;Delfi<\/li>\n<li><a href=\"https:\/\/news.google.com\/rss\/articles\/CBMilAFBVV95cUxQOWNISEs3a1hrYkxfSlhkYXdsd3gtSFdYTWFzRU0zZUV3ajgwdkd4N0lBN0I3VFZkTUYwYTJVUVBVYkxURVZsbWZueVk1VXdZbWk5Z0lWbDhmdkdtakUtbkl5dmh3UjdMcWRtSUh6ZzJwMW9fRmtseTBINGFDQzMtTmRKNFRLcUZQRzlxekFCb3hzaDJM?oc=5\" target=\"_blank\" rel=\"nofollow noopener\">Selgusid EFTA v\u00f5itjad: m\u00e4ngufilm &#8220;Fr\u00e4nk&#8221; p\u00e4lvis viis preemiat<\/a>&nbsp;&nbsp;eeter | ERR<\/li>\n<li><a href=\"https:\/\/news.google.com\/rss\/articles\/CBMixgFBVV95cUxOelRTUkkzZjdsUXBPOWNJeThMSWVWWnNDalNJYjNfajBGX3hHRDVTUzZSMWU4X0JtMVZ5OGs5MkZRNjV3Q1M5eWR4dkNzbm5QN2lPb1A4dEUxLXhIYkVsLTFpRWpvR2R1MHRYczN3WDh3dmRvcnhGTlhjV001b3R0U3BkUWRSa0djVll5Q3ZRZVd3WFE5aGg4WHUtbGx4ZUFvdEMyMS1jN3ZqQjFYZTl5ZXp2TnljR0xNZy1YNnY4T3dwMmRxTHc?oc=5\" target=\"_blank\" rel=\"nofollow noopener\">GALERII | EFTA JUUBELIAASTA: parimaks saatejuhiks valiti Karl-Erik Taukar, aasta filmiks \u201eFr\u00e4nk\u201c<\/a>&nbsp;&nbsp;\u00d5htuleht<\/li>\n<li><a href=\"https:\/\/news.google.com\/rss\/articles\/CBMi5wFBVV95cUxOVk5MNHFySW1vd0RHUzgybV9SNE1pQ1ZuTlRpUVJzNkVidmxHTzFIbmFtem0ySGhYbWJXeGx6azRZWWRwSHpObUhLMmJBOTJZdHQxWnZoM3VRdklWWlFPMy1YeVF1bkllN3k4b2xJS284OWMySURPVFBrV2Q5UVhQcXZPT2VRQ1liQmZKd2x1TzNFSzJOMkJoaktaNFlFemxYR19oQU83NmdmeXA1Q3ctTWd5LW9aOHFMcGNRTmptSjJhRlVmTXo5N3BuTEp0b1JQdmJfUUxXekk0cXdJTE5WaE83V0pzeHM?oc=5\" target=\"_blank\" rel=\"nofollow noopener\">VIDEO | EFTA elut\u00f6\u00f6preemia p\u00e4lvinud Reet Linna: vahetasin viimasel hetkel kost\u00fc\u00fcmi, vaatasin, et see ei sobi mulle \u00fcldse<\/a>&nbsp;&nbsp;\u00d5htuleht<\/li>\n<li><a href=\"https:\/\/news.google.com\/rss\/articles\/CBMirgFBVV95cUxPb090dkNPNWVOaW4yZGRabHZYT3dqbDliLUVmQzRmRmRTc0VYWUdRMlRLYk15c0tCTGNTTnZwNlZ6b1VuaENLc2xiVkpKdTh4WjN6NjU0TGVoUGxBa2JKcllvdUgwNEs2YXlnd041RnNyZnFxUDdsdlkxTmRMeUwzdTFYUjVoTno4MVh1aDJmdUlmQkh1VUd6S1ZtUTBfMHpkaGpCUmc1ZlRIWTlPOUE?oc=5\" target=\"_blank\" rel=\"nofollow noopener\">M\u00d5LEMALE VIIS AUHINDA! EFTA galal riisusid koore \u201eFr\u00e4nk\u201c ja \u201eMinu kallis ema\u201c<\/a>&nbsp;&nbsp;\u00d5htuleht<\/li>\n<\/ol>\n","protected":false},"excerpt":{"rendered":"EFTA | \u017d\u00fcrii vs. publik. \u201eFr\u00e4nk\u201c oli ka publikuh\u00e4\u00e4letusel selge v\u00f5itja, kuid rohkem l\u00e4ks arvamus lahku&nbsp;&nbsp;Delfi Selgusid EFTA&hellip;\n","protected":false},"author":2,"featured_media":162486,"comment_status":"","ping_status":"","sticky":false,"template":"","format":"standard","meta":{"footnotes":"","_share_on_mastodon":"0"},"categories":[5],"tags":[26,27,37,33,35,75598,34,36,31,32,8467,21,28,29,19,25,23,24,22,20,30],"class_list":["post-162485","post","type-post","status-publish","format-standard","has-post-thumbnail","category-uldised-uudised","tag-breaking-news","tag-breakingnews","tag-ee","tag-eesti","tag-eesti-keel","tag-eftad","tag-estonia","tag-estonian","tag-featured-news","tag-featurednews","tag-frank","tag-headlines","tag-latest-news","tag-latestnews","tag-news","tag-populaarseimad-lood","tag-top-stories","tag-topstories","tag-uldised-uudised","tag-uudised","tag-viimased-uudised"],"share_on_mastodon":{"url":"https:\/\/pubeurope.com\/@ee\/116465231678074747","error":""},"_links":{"self":[{"href":"https:\/\/www.europesays.com\/ee\/wp-json\/wp\/v2\/posts\/162485","targetHints":{"allow":["GET"]}}],"collection":[{"href":"https:\/\/www.europesays.com\/ee\/wp-json\/wp\/v2\/posts"}],"about":[{"href":"https:\/\/www.europesays.com\/ee\/wp-json\/wp\/v2\/types\/post"}],"author":[{"embeddable":true,"href":"https:\/\/www.europesays.com\/ee\/wp-json\/wp\/v2\/users\/2"}],"replies":[{"embeddable":true,"href":"https:\/\/www.europesays.com\/ee\/wp-json\/wp\/v2\/comments?post=162485"}],"version-history":[{"count":0,"href":"https:\/\/www.europesays.com\/ee\/wp-json\/wp\/v2\/posts\/162485\/revisions"}],"wp:featuredmedia":[{"embeddable":true,"href":"https:\/\/www.europesays.com\/ee\/wp-json\/wp\/v2\/media\/162486"}],"wp:attachment":[{"href":"https:\/\/www.europesays.com\/ee\/wp-json\/wp\/v2\/media?parent=162485"}],"wp:term":[{"taxonomy":"category","embeddable":true,"href":"https:\/\/www.europesays.com\/ee\/wp-json\/wp\/v2\/categories?post=162485"},{"taxonomy":"post_tag","embeddable":true,"href":"https:\/\/www.europesays.com\/ee\/wp-json\/wp\/v2\/tags?post=162485"}],"curies":[{"name":"wp","href":"https:\/\/api.w.org\/{rel}","templated":true}]}}