{"id":162555,"date":"2026-04-25T14:23:11","date_gmt":"2026-04-25T14:23:11","guid":{"rendered":"https:\/\/www.europesays.com\/ee\/162555\/"},"modified":"2026-04-25T14:23:11","modified_gmt":"2026-04-25T14:23:11","slug":"relvastatud-ruhmitused-korraldasid-mitmel-pool-malis-koordineeritud-runnakuid","status":"publish","type":"post","link":"https:\/\/www.europesays.com\/ee\/162555\/","title":{"rendered":"Relvastatud r\u00fchmitused korraldasid mitmel pool Malis koordineeritud r\u00fcnnakuid"},"content":{"rendered":"<p>Tundmatud terrorir\u00fchmitused r\u00fcndasid positsioone pealinnas ja mujal riigis, teatas Mali armee asukohti t\u00e4psustamata. Armee lisas, et v\u00f5itlus r\u00fcndajate vastu j\u00e4tkub ja palus kohalikel j\u00e4\u00e4da rahulikuks.<\/p>\n<p>Bamako l\u00e4hedal asuva Mali peamise s\u00f5jabaasi juures oli varahommikul kuulda mitut valju plahvatust ja kestvat tulevahetust, \u00fctles pealtn\u00e4gija uudisteagentuurile Reuters. Teine kohalik r\u00e4\u00e4kis, et laske oli kuulda ka Bamako lennujaama l\u00e4hedal asuva s\u00f5jav\u00e4elaagri juurest, kus paiknevad Vene palgas\u00f5durid. <\/p>\n<p>Mali elanike teatel toimus umbes samal ajal rahutusi veel Sevare, Kidali ja Gao linnades. Kidali endine linnapea \u00fctles uudisteagentuurile Associated Press, et linna sisenesid relvastatud mehed, kes v\u00f5tsid enda kontrolli alla m\u00f5ned linnaosad ja asusid armeega tulevahetusse.<\/p>\n<p>Mali maadleb al-Qaeda ja Islamiriigi haruorganisatsioonide vastu ning ka tuareegide juhitud m\u00e4ssulistega. Tuareegide domineeritud Azawadi separatistlik liikumine on aastaid v\u00f5idelnud Azawadi riigi loomise eest.<\/p>\n<p>Azawadi Vabastusrinde pressiesindaja Mohamed Elmaouloud Ramadana teatas sotsiaalmeedias, et nende v\u00e4ed on v\u00f5tnud kontrolli mitmete positsioonide \u00fcle Kidalis ja Gaos. Rahvusvahelised uudisteagentuurid pole saanud seda v\u00e4idet kinnitada.<\/p>\n<p>Reutersi teatel \u00fctlesid neli julgeolekuallikat, et r\u00fcnnakutega oli veel seotud piirkondlik al-Qaeda haru Jama\u2019at Nusrat al-Islam wal-Muslimin. R\u00fchmitus ise pole r\u00fcnnaku toimepanemist kinnitanud.<\/p>\n<p>Kuidas see lugu Sind end tundma pani? Saada <a href=\"https:\/\/www.delfi.ee\/artikkel\/120571065\/relvastatud-ruhmitused-korraldasid-mitmel-pool-malis-koordineeritud-runnakuid\/kommentaarid\" class=\"article-body-bottom__comment article-body-bottom__comment--write button button--primary button--size-auto\" rel=\"nofollow noopener\" target=\"_blank\"> Kommenteeri <\/a><a href=\"https:\/\/www.delfi.ee\/artikkel\/120571065\/relvastatud-ruhmitused-korraldasid-mitmel-pool-malis-koordineeritud-runnakuid\/kommentaarid\" class=\"article-body-bottom__comment article-body-bottom__comment--read button button--size-auto\" rel=\"nofollow noopener\" target=\"_blank\"> Loe kommentaare (1)<\/a><\/p>\n","protected":false},"excerpt":{"rendered":"Tundmatud terrorir\u00fchmitused r\u00fcndasid positsioone pealinnas ja mujal riigis, teatas Mali armee asukohti t\u00e4psustamata. Armee lisas, et v\u00f5itlus r\u00fcndajate&hellip;\n","protected":false},"author":2,"featured_media":162556,"comment_status":"","ping_status":"","sticky":false,"template":"","format":"standard","meta":{"footnotes":"","_share_on_mastodon":"0"},"categories":[80],"tags":[76016,26,27,37,33,35,34,36,31,32,21,28,29,95,13214,19,25,762,23,24,22,20,30,92,93,94],"class_list":["post-162555","post","type-post","status-publish","format-standard","has-post-thumbnail","category-maailm","tag-bamako","tag-breaking-news","tag-breakingnews","tag-ee","tag-eesti","tag-eesti-keel","tag-estonia","tag-estonian","tag-featured-news","tag-featurednews","tag-headlines","tag-latest-news","tag-latestnews","tag-maailm","tag-mali","tag-news","tag-populaarseimad-lood","tag-runnak","tag-top-stories","tag-topstories","tag-uldised-uudised","tag-uudised","tag-viimased-uudised","tag-world","tag-world-news","tag-worldnews"],"share_on_mastodon":{"url":"https:\/\/pubeurope.com\/@ee\/116465801957075308","error":""},"_links":{"self":[{"href":"https:\/\/www.europesays.com\/ee\/wp-json\/wp\/v2\/posts\/162555","targetHints":{"allow":["GET"]}}],"collection":[{"href":"https:\/\/www.europesays.com\/ee\/wp-json\/wp\/v2\/posts"}],"about":[{"href":"https:\/\/www.europesays.com\/ee\/wp-json\/wp\/v2\/types\/post"}],"author":[{"embeddable":true,"href":"https:\/\/www.europesays.com\/ee\/wp-json\/wp\/v2\/users\/2"}],"replies":[{"embeddable":true,"href":"https:\/\/www.europesays.com\/ee\/wp-json\/wp\/v2\/comments?post=162555"}],"version-history":[{"count":0,"href":"https:\/\/www.europesays.com\/ee\/wp-json\/wp\/v2\/posts\/162555\/revisions"}],"wp:featuredmedia":[{"embeddable":true,"href":"https:\/\/www.europesays.com\/ee\/wp-json\/wp\/v2\/media\/162556"}],"wp:attachment":[{"href":"https:\/\/www.europesays.com\/ee\/wp-json\/wp\/v2\/media?parent=162555"}],"wp:term":[{"taxonomy":"category","embeddable":true,"href":"https:\/\/www.europesays.com\/ee\/wp-json\/wp\/v2\/categories?post=162555"},{"taxonomy":"post_tag","embeddable":true,"href":"https:\/\/www.europesays.com\/ee\/wp-json\/wp\/v2\/tags?post=162555"}],"curies":[{"name":"wp","href":"https:\/\/api.w.org\/{rel}","templated":true}]}}